{"id":19547,"date":"2021-11-22T09:11:25","date_gmt":"2021-11-22T06:11:25","guid":{"rendered":"https:\/\/tamturkey.com\/%d9%be%d8%b1%d9%88%da%98%d9%87-%d8%b3%d9%84%d9%81-%d8%a7%d8%b3%d8%aa%d8%a7%d9%86%d8%a8%d9%88%d9%84-self-istanbul\/"},"modified":"2022-10-19T11:03:48","modified_gmt":"2022-10-19T08:03:48","slug":"self-istanbul-projesi","status":"publish","type":"post","link":"https:\/\/tamestate.com\/tr\/self-istanbul-projesi\/","title":{"rendered":"Self \u0130stanbul projesi"},"content":{"rendered":"<p>[vc_row][vc_column][vc_column_text]<\/p>\n<h2 style=\"text-align: left;\">Self \u0130stanbul projesi<\/h2>\n<div id=\"attachment_9844\" style=\"width: 749px\" class=\"wp-caption aligncenter\"><img loading=\"lazy\" decoding=\"async\" aria-describedby=\"caption-attachment-9844\" class=\"wp-image-9844 size-full\" style=\"text-align: justify;\" src=\"https:\/\/tamturkey.com\/wp-content\/uploads\/2021\/11\/self-istanbul-tam-turkey.jpg\" alt=\"\u067e\u0631\u0648\u0698\u0647 self istanbul\" width=\"739\" height=\"415\" srcset=\"https:\/\/tamestate.com\/wp-content\/uploads\/2021\/11\/self-istanbul-tam-turkey.jpg 739w, https:\/\/tamestate.com\/wp-content\/uploads\/2021\/11\/self-istanbul-tam-turkey-300x168.jpg 300w\" sizes=\"auto, (max-width: 739px) 100vw, 739px\" \/><p id=\"caption-attachment-9844\" class=\"wp-caption-text\">self istanbul<\/p><\/div>\n<p dir=\"ltr\" style=\"text-align: center;\"><strong>Self \u0130stanbul projesi \u015fehrin Avrupa yakas\u0131nda Esenyurt b\u00f6lgesinde yer almaktad\u0131r. E5 karayoluna yak\u0131nl\u0131\u011f\u0131 ve hastanelere, \u00fcniversitelere ve \u00fcnl\u00fc al\u0131\u015fveri\u015f merkezlerine yak\u0131nl\u0131\u011f\u0131 nedeniyle bir\u00e7ok yat\u0131r\u0131mc\u0131n\u0131n ilgisini \u00e7eken bu projeyi a\u015fa\u011f\u0131da sizlere Self \u0130stanbul projesi ile tan\u0131taca\u011f\u0131z.<\/strong><\/p>\n<div id=\"attachment_9840\" style=\"width: 749px\" class=\"wp-caption aligncenter\"><img loading=\"lazy\" decoding=\"async\" aria-describedby=\"caption-attachment-9840\" class=\"wp-image-9840 size-full\" src=\"https:\/\/tamturkey.com\/wp-content\/uploads\/2021\/11\/self-istanbul-residence.jpg\" alt=\"\u067e\u0631\u0648\u0698\u0647 \u0633\u0644\u0641 \u0627\u0633\u062a\u0627\u0646\u0628\u0648\u0644 \u062a\u0627\u0645 \u062a\u0631\u06a9\u06cc\u0647\" width=\"739\" height=\"415\" srcset=\"https:\/\/tamestate.com\/wp-content\/uploads\/2021\/11\/self-istanbul-residence.jpg 739w, https:\/\/tamestate.com\/wp-content\/uploads\/2021\/11\/self-istanbul-residence-300x168.jpg 300w\" sizes=\"auto, (max-width: 739px) 100vw, 739px\" \/><p id=\"caption-attachment-9840\" class=\"wp-caption-text\">Self \u0130stanbul projesi<\/p><\/div>\n<p dir=\"ltr\" style=\"text-align: center;\"><span style=\"color: #ff0000;\"><strong>T\u00fcrk vatanda\u015fl\u0131\u011f\u0131 almaya uygun<\/strong><\/span><\/p>\n<p dir=\"ltr\" style=\"text-align: center;\"><strong>\u0130stanbul&#8217;un g\u00fczel ve pop\u00fcler Snivert b\u00f6lgesinde ya\u015famak<\/strong><\/p>\n<p>[\/vc_column_text][vc_column_text]<\/p>\n<p dir=\"ltr\" style=\"text-align: center;\"><strong>self istanbul | Self \u0130stanbul projesinde en uygun fiyata, harika lokasyonda ve ba\u015fkentinize g\u00f6re modern bir konut kompleksinin imkanlar\u0131yla ev sahibi olun.<\/strong><\/p>\n<p dir=\"ltr\" style=\"text-align: center;\"><span style=\"color: #ff0000;\"><strong>L\u00fctfen Tamt\u00fcrkiye dan\u0131\u015fmanlar\u0131 ile WhatsApp \u00fczerinden ileti\u015fime ge\u00e7iniz.<\/strong><\/span><\/p>\n<p dir=\"ltr\" style=\"text-align: center;\"><strong>905522888939+<\/strong><\/p>\n<p dir=\"ltr\" style=\"text-align: center;\"><strong>\u00a0WHATSAPP : <a href=\"https:\/\/wa.me\/905522888939\" target=\"_blank\" rel=\"noopener noreferrer\">https:\/\/wa.me\/905522888939<\/a><\/strong><\/p>\n<p>[\/vc_column_text][vc_gallery type=&#8221;image_grid&#8221; images=&#8221;9804,9808,9812,9828&#8243; img_size=&#8221;300*200&#8243; title=&#8221;Self \u0130stanbul projesi resim galerisi&#8221;][vc_column_text]<\/p>\n<h1 dir=\"ltr\" style=\"text-align: justify;\"><span style=\"color: #ff0000;\">Self \u0130stanbul projesinin tan\u0131t\u0131m\u0131<\/span><\/h1>\n<p dir=\"ltr\" style=\"text-align: justify;\">Bu e\u015fsiz proje \u0130stanbul&#8217;un Avrupa yakas\u0131 Esenyurt, Adila Nashit Bulvar\u0131&#8217;nda 26.000 m2 arsa \u00fczerine in\u015fa edilmi\u015ftir. Alan\u0131n %85&#8217;i ye\u015fil alana sahiptir ve size e\u015fsiz bir ya\u015fam sunar.<\/p>\n<p dir=\"ltr\" style=\"text-align: justify;\">\u0130stanbul&#8217;da bir daire sat\u0131n almay\u0131 ve T\u00fcrk pasaportu almay\u0131 planl\u0131yorsan\u0131z, Self \u0130stanbul projesi \u015f\u00fcphesiz sizin i\u00e7in do\u011fru se\u00e7imdir.<\/p>\n<h2 dir=\"ltr\" style=\"text-align: justify;\"><span style=\"color: #ff0000;\"><strong>Self \u0130stanbul projesinin giri\u015fleri<\/strong><\/span><\/h2>\n<ul>\n<li dir=\"ltr\" style=\"text-align: justify;\"><strong>Metroya uzakl\u0131k: 10 dakika<\/strong><\/li>\n<li dir=\"ltr\" style=\"text-align: justify;\"><strong>Metrob\u00fcs mesafesi: 2 dakika<\/strong><\/li>\n<li dir=\"ltr\" style=\"text-align: justify;\"><strong>E5 otoyoluna uzakl\u0131k: yak\u0131n<\/strong><\/li>\n<li dir=\"ltr\" style=\"text-align: justify;\"><strong>Otogara uzakl\u0131k: 5 dakika<\/strong><\/li>\n<li dir=\"ltr\" style=\"text-align: justify;\"><strong>Havaalan\u0131na uzakl\u0131k: 53 dakika<\/strong><\/li>\n<\/ul>\n<h3 dir=\"ltr\" style=\"text-align: justify;\"><span style=\"color: #ff0000;\">Self \u0130stanbul konut birimleri<\/span><\/h3>\n<p dir=\"ltr\" style=\"text-align: justify;\">Self projesinde 609 konut ve 60 ticari \u00fcniteden olu\u015fan 4 blok bulunuyor. Bu projenin konut birimleri 1 ila 4 yatak odas\u0131 ve bir \u00e7at\u0131 kat\u0131ndan olu\u015fmakta olup, b\u00fcy\u00fckl\u00fckleri a\u015fa\u011f\u0131daki gibidir:<\/p>\n<p dir=\"ltr\" style=\"text-align: justify;\"><strong>Bir yatak odas\u0131 67 ila 94 metrekare<\/strong><br \/>\n<strong>\u0130ki yatak odas\u0131, 103 ila 188 metrekare<\/strong><br \/>\n<strong>\u00dc\u00e7 yatak odas\u0131, 156 ila 206 metrekare<\/strong><br \/>\n<strong>4 yatak odas\u0131, 216 ila 296 metrekare<\/strong><br \/>\n<strong>Penthouse 362 metrekare<\/strong><\/p>\n<p>[\/vc_column_text][vc_gallery type=&#8221;image_grid&#8221; images=&#8221;9848,9832&#8243; img_size=&#8221;300*200&#8243; title=&#8221;Self \u0130stanbul projesi resim galerisi&#8221;][vc_column_text]<\/p>\n<h1 dir=\"ltr\"><span style=\"color: #ff0000;\"><strong>Self \u0130stanbul proje tesisleri<\/strong><\/span><\/h1>\n<p dir=\"ltr\"><strong>Y\u00fczme havuzu<\/strong><br \/>\n<strong>A\u00e7\u0131k hava y\u00fczme havuzu<\/strong><br \/>\n<strong>CCTV kameralarla 24 saat g\u00fcvenlik<\/strong><br \/>\n<strong>Depo<\/strong><br \/>\n<strong>havuz<\/strong><br \/>\n<strong>\u00e7ocuk oyun park\u0131<\/strong><br \/>\n<strong>Kapal\u0131 otopark<\/strong><br \/>\n<strong>Masa Tenisi<\/strong><br \/>\n<strong>g\u00f6r\u00fc\u015f<\/strong><br \/>\n<strong>Basketbol sahas\u0131<\/strong><br \/>\n<strong>Voleybol sahas\u0131<\/strong><br \/>\n<strong>sauna<\/strong><br \/>\n<strong>ye\u015fil alan<\/strong><br \/>\n<strong>\u00c7ocuk oyun alan\u0131<\/strong><br \/>\n<strong>kafe<\/strong><br \/>\n<strong>Merkezi \u0131s\u0131tma<\/strong><br \/>\n<strong>Ancaster mutfak aletleri<\/strong><br \/>\n<strong>pazar<\/strong><br \/>\n<strong>Okul<\/strong><br \/>\n<strong>Sa\u011fl\u0131k ve fitness merkezi<\/strong><br \/>\n<strong>y\u00fcr\u00fcy\u00fc\u015f yolu<\/strong><br \/>\n<strong>Otob\u00fcs istasyonunun yak\u0131n\u0131nda<\/strong><br \/>\n<strong>koruma<\/strong><\/p>\n<p dir=\"ltr\" style=\"text-align: center;\"><strong>Tavsiye i\u00e7in Tamt\u00fcrkiye uzmanlar\u0131na dan\u0131\u015f\u0131n.<\/strong><\/p>\n<p>[\/vc_column_text][vc_column_text]<\/p>\n<p dir=\"ltr\" style=\"text-align: center;\"><strong>\u0130stanbul, T\u00fcrkiye&#8217;deki Self projesi Ba\u015fkentinize g\u00f6re modern bir konut kompleksinin imkanlar\u0131 ile harika bir konuma sahip en uygun fiyata bir ev sahibi olun.<\/strong><\/p>\n<p dir=\"ltr\" style=\"text-align: center;\"><span style=\"color: #ff0000;\"><strong>L\u00fctfen Tamt\u00fcrkiye dan\u0131\u015fmanlar\u0131 ile WhatsApp \u00fczerinden ileti\u015fime ge\u00e7iniz.<\/strong><\/span><\/p>\n<p dir=\"ltr\" style=\"text-align: center;\"><strong>905522888939+<\/strong><\/p>\n<p dir=\"ltr\" style=\"text-align: center;\"><strong>\u00a0WHATSAPP : <a href=\"https:\/\/wa.me\/905522888939\" target=\"_blank\" rel=\"noopener noreferrer\">https:\/\/wa.me\/905522888939<\/a><\/strong><\/p>\n<p>[\/vc_column_text][\/vc_column][\/vc_row][vc_row][vc_column][vc_column_text][\/vc_column_text][vc_column_text][\/vc_column_text][\/vc_column][\/vc_row][vc_row][vc_column][vc_gallery type=&#8221;image_grid&#8221; images=&#8221;9820,9824&#8243; img_size=&#8221;300*200&#8243; title=&#8221;Self \u0130stanbul projesi resim galerisi&#8221;][vc_column_text]<\/p>\n<p dir=\"ltr\" style=\"text-align: center;\"><strong>Ziyaret etmek ve daha fazla bilgi almak i\u00e7in dan\u0131\u015fmanlarla ileti\u015fime ge\u00e7in.<\/strong><br \/>\n<strong>Tamturkey Group, T\u00fcrkiye&#8217;de gayrimenkul al\u0131m sat\u0131m dan\u0131\u015fman\u0131d\u0131r.<\/strong><\/p>\n<p dir=\"ltr\" style=\"text-align: center;\"><strong>\u0130leti\u015fim numaras\u0131: +90 5522888939<\/strong><\/p>\n<p dir=\"ltr\" style=\"text-align: center;\"><strong>Tamt\u00fcrkiye gayrimenkul sat\u0131\u015f dan\u0131\u015fmanlar\u0131<\/strong><br \/>\n<strong>\u0130stanbul ve \u0130zmir&#8217;de prestijli ve \u00fcnl\u00fc projelerin sat\u0131\u015f dan\u0131\u015fman\u0131 ve temsilcisi<\/strong><br \/>\n<strong>\u0130stanbul&#8217;un her b\u00f6lgesinde \u00f6zel ve l\u00fcks daire sat\u0131\u015f\u0131. nakit, taksit<\/strong><\/p>\n<p>[\/vc_column_text][\/vc_column][\/vc_row][vc_row][vc_column][vc_column_text]<\/p>\n<p style=\"text-align: center;\"><strong>905522888939+<\/strong><\/p>\n<p style=\"text-align: center;\"><strong>WHATSAPP : <a href=\"https:\/\/wa.me\/905522888939\" target=\"_blank\" rel=\"noopener noreferrer\">https:\/\/wa.me\/905522888939<\/a><\/strong><\/p>\n<p>[\/vc_column_text][\/vc_column][\/vc_row][vc_row][vc_column][vc_raw_html]JTNDaWZyYW1lJTIwc3JjJTNEJTIyaHR0cHMlM0ElMkYlMkZ3d3cuZ29vZ2xlLmNvbSUyRm1hcHMlMkZlbWJlZCUzRnBiJTNEJTIxMW0xNCUyMTFtOCUyMTFtMyUyMTFkMTIwNDQuMTMzOTkyNzA5MTk4JTIxMmQyOS4wNzA3ODgxJTIxM2Q0MS4wMDI2NCUyMTNtMiUyMTFpMTAyNCUyMTJpNzY4JTIxNGYxMy4xJTIxM20zJTIxMW0yJTIxMXMweDAlMjUzQTB4MWE1OGUxMDU4ZDhmMzg4MyUyMTJzVGFtdHVya2V5JTI1MjBSZWFsJTI1MjBFc3RhdGUlMjUyMEFnZW50JTIxNWUwJTIxM20yJTIxMXNlbiUyMTJzdHIlMjE0djE2NjU5Mzg2MzY0OTMlMjE1bTIlMjExc2VuJTIxMnN0ciUyMiUyMHdpZHRoJTNEJTIyNjAwJTIyJTIwaGVpZ2h0JTNEJTIyNDUwJTIyJTIwc3R5bGUlM0QlMjJib3JkZXIlM0EwJTNCJTIyJTIwYWxsb3dmdWxsc2NyZWVuJTNEJTIyJTIyJTIwbG9hZGluZyUzRCUyMmxhenklMjIlMjByZWZlcnJlcnBvbGljeSUzRCUyMm5vLXJlZmVycmVyLXdoZW4tZG93bmdyYWRlJTIyJTNFJTNDJTJGaWZyYW1lJTNF[\/vc_raw_html][vc_column_text]<\/p>\n<h1 dir=\"ltr\" style=\"text-align: justify;\"><span style=\"color: #ff0000;\"><strong>\u0130stanbul&#8217;un Esenyurt b\u00f6lgesini tan\u0131mak<\/strong><\/span><\/h1>\n<p dir=\"ltr\" style=\"text-align: justify;\">\u0130stanbul&#8217;un Esenyurt b\u00f6lgesi, \u0130stanbul&#8217;un Avrupa yakas\u0131nda ve Marmara Denizi&#8217;nin yak\u0131n\u0131nda yer almaktad\u0131r. Bu alan 2.770 hektarl\u0131k bir alana sahiptir ve son birka\u00e7 y\u0131lda b\u00fcy\u00fck konut komplekslerinin in\u015fas\u0131nda ya\u015fanan patlama ile geli\u015fmi\u015f bir alan haline gelmi\u015ftir. \u0130stanbul Esenyurt b\u00f6lgesinde daire fiyat\u0131 nedir? Bu b\u00f6lgedeki \u00fcnl\u00fc oteller hangileridir? Esenyurt&#8217;taki \u00fcnl\u00fc al\u0131\u015fveri\u015f merkezleri nelerdir? Hangi turistik yerlere sahip? Bu sorular\u0131n cevaplar\u0131n\u0131 ar\u0131yorsan\u0131z Tom T\u00fcrkiye&#8217;yi bu yaz\u0131n\u0131n sonuna kadar takip edin.<\/p>\n<p dir=\"ltr\" style=\"text-align: justify;\">Esenyurt b\u00f6lgesi do\u011fuda Avc\u0131lar ve K\u00fc\u00e7\u00fck-\u00c7ekmeje G\u00f6l\u00fc, bat\u0131da B\u00fcy\u00fck-\u00c7ekmeje, kuzeyde Be\u015fikta\u015f, Arnavot K\u00f6y ve TEM yolu, g\u00fcneyde Beylikd\u00fcz\u00fc ve E-5 otoyolu ile \u00e7evrilidir.<\/p>\n<p dir=\"ltr\" style=\"text-align: justify;\">Halihaz\u0131rda bu mahallede Esen Yurt, Saadat Dere, Yeni Kent ve Yunus Balta adl\u0131 d\u00f6rt k\u00fclt\u00fcr merkezinin yan\u0131 s\u0131ra Recep Tayyip Erdo\u011fan, Kadir Topba\u015f, Gaziler ve \u015eehitler adl\u0131 d\u00f6rt park bulunuyor.<\/p>\n<p dir=\"ltr\" style=\"text-align: justify;\">Esenyurt mahallesi 19. y\u00fczy\u0131lda Akram \u00d6mer Pa\u015fa&#8217;ya ait olan arazi \u00fczerine in\u015fa edilmi\u015ftir. Bu alan\u0131n ad\u0131, A\u015f\u0131knoz adl\u0131 arazi sahiplerinden birinden al\u0131nm\u0131\u015ft\u0131r. 1920-1938 y\u0131llar\u0131 aras\u0131nda Rumen ve Bulgar g\u00f6\u00e7menlerin ya\u015fad\u0131\u011f\u0131 bir b\u00f6lgeydi.<\/p>\n<p dir=\"ltr\" style=\"text-align: justify;\">Esenyurt b\u00f6lgesi her ge\u00e7en g\u00fcn geli\u015fmekte ve bu mahallede emlak fiyatlar\u0131n\u0131n \u0130stanbul merkeze g\u00f6re daha d\u00fc\u015f\u00fck olmas\u0131 nedeniyle emlak almak ve yat\u0131r\u0131m yapmak i\u00e7in pop\u00fcler b\u00f6lgelerden biridir.<\/p>\n<p dir=\"ltr\" style=\"text-align: justify;\">Bu b\u00f6lgenin \u00f6zelliklerinden biri de Arles, Fateh, Bekent ve Glishim gibi prestijli \u00fcniversitelerin varl\u0131\u011f\u0131d\u0131r. Esenyurt&#8217;un bir sonraki \u00f6zelli\u011fi ise bu mahallenin sadece 5 km uzakl\u0131ktaki T\u00fcyap Kongre ve Sergi Saray\u0131&#8217;n\u0131 ve 26 km uzakl\u0131ktaki Atat\u00fcrk Havaliman\u0131&#8217;n\u0131 i\u015faret etmesi.<\/p>\n<p>[\/vc_column_text][\/vc_column][\/vc_row]<\/p>\n","protected":false},"excerpt":{"rendered":"<p>Self \u0130stanbul projesi \u015fehrin Avrupa yakas\u0131nda Esenyurt b\u00f6lgesinde yer almaktad\u0131r. E5 karayoluna yak\u0131nl\u0131\u011f\u0131 ve hastanelere, \u00fcniversitelere ve \u00fcnl\u00fc al\u0131\u015fveri\u015f merkezlerine yak\u0131nl\u0131\u011f\u0131 nedeniyle bir\u00e7ok yat\u0131r\u0131mc\u0131n\u0131n ilgisini \u00e7eken bu projeyi a\u015fa\u011f\u0131da sizlere Self \u0130stanbul projesi ile tan\u0131taca\u011f\u0131z.<\/p>\n","protected":false},"author":2,"featured_media":9839,"comment_status":"open","ping_status":"open","sticky":false,"template":"","format":"standard","meta":{"_bbp_topic_count":0,"_bbp_reply_count":0,"_bbp_total_topic_count":0,"_bbp_total_reply_count":0,"_bbp_voice_count":0,"_bbp_anonymous_reply_count":0,"_bbp_topic_count_hidden":0,"_bbp_reply_count_hidden":0,"_bbp_forum_subforum_count":0,"_joinchat":[],"footnotes":""},"categories":[3076,3074],"tags":[5451,5454],"class_list":{"0":"post-19547","1":"post","2":"type-post","3":"status-publish","4":"format-standard","5":"has-post-thumbnail","7":"category-istanbul-projeleri","8":"category-projeler","9":"tag-salaf-istanbul","10":"tag-salaf-istanbul-projesi"},"yoast_head":"<!-- This site is optimized with the Yoast SEO Premium plugin v19.2.1 (Yoast SEO v27.1.1) - https:\/\/yoast.com\/product\/yoast-seo-premium-wordpress\/ -->\n<title>Self \u0130stanbul projesi - Tamturkey<\/title>\n<meta name=\"description\" content=\"Self \u0130stanbul projesi | Esenyurt b\u00f6lgesinde yer almaktad\u0131r. Bu proje, E5 otoyoluna yak\u0131nl\u0131\u011f\u0131 nedeniyle bir\u00e7ok yat\u0131r\u0131mc\u0131y\u0131 cezbetmektedir.\" \/>\n<meta name=\"robots\" content=\"index, follow, max-snippet:-1, max-image-preview:large, max-video-preview:-1\" \/>\n<link rel=\"canonical\" href=\"https:\/\/tamestate.com\/tr\/self-istanbul-projesi\/\" \/>\n<meta name=\"twitter:card\" content=\"summary_large_image\" \/>\n<meta name=\"twitter:title\" content=\"Self \u0130stanbul projesi - Tamturkey\" \/>\n<meta name=\"twitter:description\" content=\"Self \u0130stanbul projesi | Esenyurt b\u00f6lgesinde yer almaktad\u0131r. Bu proje, E5 otoyoluna yak\u0131nl\u0131\u011f\u0131 nedeniyle bir\u00e7ok yat\u0131r\u0131mc\u0131y\u0131 cezbetmektedir.\" \/>\n<meta name=\"twitter:image\" content=\"https:\/\/tamestate.com\/wp-content\/uploads\/2021\/11\/self-istanbul.jpg\" \/>\n<script type=\"application\/ld+json\" class=\"yoast-schema-graph\">{\"@context\":\"https:\/\/schema.org\",\"@graph\":[{\"@type\":\"Article\",\"@id\":\"https:\/\/tamestate.com\/tr\/self-istanbul-projesi\/#article\",\"isPartOf\":{\"@id\":\"https:\/\/tamestate.com\/tr\/self-istanbul-projesi\/\"},\"author\":{\"name\":\"fw2021adfmnews\",\"@id\":\"https:\/\/tamestate.com\/#\/schema\/person\/a924563504bb20539630288fdd8f6650\"},\"headline\":\"Self \u0130stanbul projesi\",\"datePublished\":\"2021-11-22T06:11:25+00:00\",\"dateModified\":\"2022-10-19T08:03:48+00:00\",\"mainEntityOfPage\":{\"@id\":\"https:\/\/tamestate.com\/tr\/self-istanbul-projesi\/\"},\"wordCount\":973,\"commentCount\":0,\"publisher\":{\"@id\":\"https:\/\/tamestate.com\/#organization\"},\"image\":{\"@id\":\"https:\/\/tamestate.com\/tr\/self-istanbul-projesi\/#primaryimage\"},\"thumbnailUrl\":\"https:\/\/tamestate.com\/wp-content\/uploads\/2021\/11\/self-istanbul.jpg\",\"keywords\":[\"Salaf Istanbul\",\"Salaf \u0130stanbul projesi\"],\"articleSection\":[\"istanbul projeleri\",\"Projeler\"],\"inLanguage\":\"tr\",\"potentialAction\":[{\"@type\":\"CommentAction\",\"name\":\"Comment\",\"target\":[\"https:\/\/tamestate.com\/tr\/self-istanbul-projesi\/#respond\"]}],\"copyrightYear\":\"2021\",\"copyrightHolder\":{\"@id\":\"https:\/\/tamestate.com\/#organization\"}},{\"@type\":\"WebPage\",\"@id\":\"https:\/\/tamestate.com\/tr\/self-istanbul-projesi\/\",\"url\":\"https:\/\/tamestate.com\/tr\/self-istanbul-projesi\/\",\"name\":\"Self \u0130stanbul projesi - Tamturkey\",\"isPartOf\":{\"@id\":\"https:\/\/tamestate.com\/#website\"},\"primaryImageOfPage\":{\"@id\":\"https:\/\/tamestate.com\/tr\/self-istanbul-projesi\/#primaryimage\"},\"image\":{\"@id\":\"https:\/\/tamestate.com\/tr\/self-istanbul-projesi\/#primaryimage\"},\"thumbnailUrl\":\"https:\/\/tamestate.com\/wp-content\/uploads\/2021\/11\/self-istanbul.jpg\",\"datePublished\":\"2021-11-22T06:11:25+00:00\",\"dateModified\":\"2022-10-19T08:03:48+00:00\",\"description\":\"Self \u0130stanbul projesi | Esenyurt b\u00f6lgesinde yer almaktad\u0131r. Bu proje, E5 otoyoluna yak\u0131nl\u0131\u011f\u0131 nedeniyle bir\u00e7ok yat\u0131r\u0131mc\u0131y\u0131 cezbetmektedir.\",\"breadcrumb\":{\"@id\":\"https:\/\/tamestate.com\/tr\/self-istanbul-projesi\/#breadcrumb\"},\"inLanguage\":\"tr\",\"potentialAction\":[{\"@type\":\"ReadAction\",\"target\":[\"https:\/\/tamestate.com\/tr\/self-istanbul-projesi\/\"]}]},{\"@type\":\"ImageObject\",\"inLanguage\":\"tr\",\"@id\":\"https:\/\/tamestate.com\/tr\/self-istanbul-projesi\/#primaryimage\",\"url\":\"https:\/\/tamestate.com\/wp-content\/uploads\/2021\/11\/self-istanbul.jpg\",\"contentUrl\":\"https:\/\/tamestate.com\/wp-content\/uploads\/2021\/11\/self-istanbul.jpg\",\"width\":739,\"height\":415,\"caption\":\"Salaf \u0130stanbul projesi\"},{\"@type\":\"BreadcrumbList\",\"@id\":\"https:\/\/tamestate.com\/tr\/self-istanbul-projesi\/#breadcrumb\",\"itemListElement\":[{\"@type\":\"ListItem\",\"position\":1,\"name\":\"\u062e\u0627\u0646\u0647\",\"item\":\"https:\/\/tamestate.com\/tr\/\"},{\"@type\":\"ListItem\",\"position\":2,\"name\":\"Self \u0130stanbul projesi\"}]},{\"@type\":\"WebSite\",\"@id\":\"https:\/\/tamestate.com\/#website\",\"url\":\"https:\/\/tamestate.com\/\",\"name\":\"Tamturkey\",\"description\":\"\u062a\u0627\u0645 \u062a\u0631\u06a9\u06cc | \u062e\u0631\u06cc\u062f \u062e\u0627\u0646\u0647 \u062f\u0631 \u062a\u0631\u06a9\u06cc\u0647 | \u0627\u062e\u0630 \u0634\u0647\u0631\u0648\u0646\u062f\u06cc \u062a\u0631\u06a9\u06cc\u0647 | \u062e\u0631\u06cc\u062f \u062e\u0627\u0646\u0647 \u062f\u0631 \u0627\u0633\u062a\u0627\u0646\u0628\u0648\u0644 | \u0627\u0642\u0627\u0645\u062a \u062a\u0631\u06a9\u06cc\u0647\",\"publisher\":{\"@id\":\"https:\/\/tamestate.com\/#organization\"},\"potentialAction\":[{\"@type\":\"SearchAction\",\"target\":{\"@type\":\"EntryPoint\",\"urlTemplate\":\"https:\/\/tamestate.com\/?s={search_term_string}\"},\"query-input\":{\"@type\":\"PropertyValueSpecification\",\"valueRequired\":true,\"valueName\":\"search_term_string\"}}],\"inLanguage\":\"tr\"},{\"@type\":[\"Organization\",\"Place\",\"RealEstateAgent\"],\"@id\":\"https:\/\/tamestate.com\/#organization\",\"name\":\"\u0645\u0631\u062c\u0639 \u0627\u0637\u0644\u0627\u0639\u0627\u062a \u062a\u062e\u0635\u0635\u06cc \u0648 \u0627\u062e\u0628\u0627\u0631 \u0631\u0648\u0632 \u062a\u0631\u06a9\u06cc\u0647\",\"url\":\"https:\/\/tamestate.com\/\",\"logo\":{\"@id\":\"https:\/\/tamestate.com\/tr\/self-istanbul-projesi\/#local-main-organization-logo\"},\"image\":{\"@id\":\"https:\/\/tamestate.com\/tr\/self-istanbul-projesi\/#local-main-organization-logo\"},\"sameAs\":[\"https:\/\/www.instagram.com\/tamturkey\",\"https:\/\/www.youtube.com\/channel\/UC8nMeXuy4N3s75zGrIxPLBA\"],\"address\":{\"@id\":\"https:\/\/tamestate.com\/tr\/self-istanbul-projesi\/#local-main-place-address\"},\"telephone\":[\"0552288939\"],\"openingHoursSpecification\":[{\"@type\":\"OpeningHoursSpecification\",\"dayOfWeek\":[\"Monday\",\"Tuesday\",\"Wednesday\",\"Thursday\",\"Friday\",\"Saturday\",\"Sunday\"],\"opens\":\"09:00\",\"closes\":\"17:00\"}]},{\"@type\":\"Person\",\"@id\":\"https:\/\/tamestate.com\/#\/schema\/person\/a924563504bb20539630288fdd8f6650\",\"name\":\"fw2021adfmnews\",\"image\":{\"@type\":\"ImageObject\",\"inLanguage\":\"tr\",\"@id\":\"https:\/\/tamestate.com\/#\/schema\/person\/image\/\",\"url\":\"https:\/\/secure.gravatar.com\/avatar\/1f1d13a7596876466fd9d7179cbd3980038ac2a59b1164b78f03975c3147cbb9?s=96&d=mm&r=g\",\"contentUrl\":\"https:\/\/secure.gravatar.com\/avatar\/1f1d13a7596876466fd9d7179cbd3980038ac2a59b1164b78f03975c3147cbb9?s=96&d=mm&r=g\",\"caption\":\"fw2021adfmnews\"}},{\"@type\":\"PostalAddress\",\"@id\":\"https:\/\/tamestate.com\/tr\/self-istanbul-projesi\/#local-main-place-address\",\"streetAddress\":\"\u0645\u062c\u062a\u0645\u0639 \u0627\u0639\u0645\u0627\u0631 \u0627\u0633\u062a\u0627\u0646\u0628\u0648\u0644 EMAAR SQUARE ISTANBUL\",\"addressLocality\":\"ISTANBUL\",\"postalCode\":\"34005\",\"addressCountry\":\"TR\"},{\"@type\":\"ImageObject\",\"inLanguage\":\"tr\",\"@id\":\"https:\/\/tamestate.com\/tr\/self-istanbul-projesi\/#local-main-organization-logo\",\"url\":\"https:\/\/tamestate.com\/wp-content\/uploads\/2020\/01\/turkey-country-tamturkey-300.png\",\"contentUrl\":\"https:\/\/tamestate.com\/wp-content\/uploads\/2020\/01\/turkey-country-tamturkey-300.png\",\"width\":300,\"height\":83,\"caption\":\"\u0645\u0631\u062c\u0639 \u0627\u0637\u0644\u0627\u0639\u0627\u062a \u062a\u062e\u0635\u0635\u06cc \u0648 \u0627\u062e\u0628\u0627\u0631 \u0631\u0648\u0632 \u062a\u0631\u06a9\u06cc\u0647\"}]}<\/script>\n<meta name=\"geo.placename\" content=\"ISTANBUL\" \/>\n<meta name=\"geo.region\" content=\"Turkey\" \/>\n<!-- \/ Yoast SEO Premium plugin. -->","yoast_head_json":{"title":"Self \u0130stanbul projesi - Tamturkey","description":"Self \u0130stanbul projesi | Esenyurt b\u00f6lgesinde yer almaktad\u0131r. Bu proje, E5 otoyoluna yak\u0131nl\u0131\u011f\u0131 nedeniyle bir\u00e7ok yat\u0131r\u0131mc\u0131y\u0131 cezbetmektedir.","robots":{"index":"index","follow":"follow","max-snippet":"max-snippet:-1","max-image-preview":"max-image-preview:large","max-video-preview":"max-video-preview:-1"},"canonical":"https:\/\/tamestate.com\/tr\/self-istanbul-projesi\/","twitter_card":"summary_large_image","twitter_title":"Self \u0130stanbul projesi - Tamturkey","twitter_description":"Self \u0130stanbul projesi | Esenyurt b\u00f6lgesinde yer almaktad\u0131r. Bu proje, E5 otoyoluna yak\u0131nl\u0131\u011f\u0131 nedeniyle bir\u00e7ok yat\u0131r\u0131mc\u0131y\u0131 cezbetmektedir.","twitter_image":"https:\/\/tamestate.com\/wp-content\/uploads\/2021\/11\/self-istanbul.jpg","schema":{"@context":"https:\/\/schema.org","@graph":[{"@type":"Article","@id":"https:\/\/tamestate.com\/tr\/self-istanbul-projesi\/#article","isPartOf":{"@id":"https:\/\/tamestate.com\/tr\/self-istanbul-projesi\/"},"author":{"name":"fw2021adfmnews","@id":"https:\/\/tamestate.com\/#\/schema\/person\/a924563504bb20539630288fdd8f6650"},"headline":"Self \u0130stanbul projesi","datePublished":"2021-11-22T06:11:25+00:00","dateModified":"2022-10-19T08:03:48+00:00","mainEntityOfPage":{"@id":"https:\/\/tamestate.com\/tr\/self-istanbul-projesi\/"},"wordCount":973,"commentCount":0,"publisher":{"@id":"https:\/\/tamestate.com\/#organization"},"image":{"@id":"https:\/\/tamestate.com\/tr\/self-istanbul-projesi\/#primaryimage"},"thumbnailUrl":"https:\/\/tamestate.com\/wp-content\/uploads\/2021\/11\/self-istanbul.jpg","keywords":["Salaf Istanbul","Salaf \u0130stanbul projesi"],"articleSection":["istanbul projeleri","Projeler"],"inLanguage":"tr","potentialAction":[{"@type":"CommentAction","name":"Comment","target":["https:\/\/tamestate.com\/tr\/self-istanbul-projesi\/#respond"]}],"copyrightYear":"2021","copyrightHolder":{"@id":"https:\/\/tamestate.com\/#organization"}},{"@type":"WebPage","@id":"https:\/\/tamestate.com\/tr\/self-istanbul-projesi\/","url":"https:\/\/tamestate.com\/tr\/self-istanbul-projesi\/","name":"Self \u0130stanbul projesi - Tamturkey","isPartOf":{"@id":"https:\/\/tamestate.com\/#website"},"primaryImageOfPage":{"@id":"https:\/\/tamestate.com\/tr\/self-istanbul-projesi\/#primaryimage"},"image":{"@id":"https:\/\/tamestate.com\/tr\/self-istanbul-projesi\/#primaryimage"},"thumbnailUrl":"https:\/\/tamestate.com\/wp-content\/uploads\/2021\/11\/self-istanbul.jpg","datePublished":"2021-11-22T06:11:25+00:00","dateModified":"2022-10-19T08:03:48+00:00","description":"Self \u0130stanbul projesi | Esenyurt b\u00f6lgesinde yer almaktad\u0131r. Bu proje, E5 otoyoluna yak\u0131nl\u0131\u011f\u0131 nedeniyle bir\u00e7ok yat\u0131r\u0131mc\u0131y\u0131 cezbetmektedir.","breadcrumb":{"@id":"https:\/\/tamestate.com\/tr\/self-istanbul-projesi\/#breadcrumb"},"inLanguage":"tr","potentialAction":[{"@type":"ReadAction","target":["https:\/\/tamestate.com\/tr\/self-istanbul-projesi\/"]}]},{"@type":"ImageObject","inLanguage":"tr","@id":"https:\/\/tamestate.com\/tr\/self-istanbul-projesi\/#primaryimage","url":"https:\/\/tamestate.com\/wp-content\/uploads\/2021\/11\/self-istanbul.jpg","contentUrl":"https:\/\/tamestate.com\/wp-content\/uploads\/2021\/11\/self-istanbul.jpg","width":739,"height":415,"caption":"Salaf \u0130stanbul projesi"},{"@type":"BreadcrumbList","@id":"https:\/\/tamestate.com\/tr\/self-istanbul-projesi\/#breadcrumb","itemListElement":[{"@type":"ListItem","position":1,"name":"\u062e\u0627\u0646\u0647","item":"https:\/\/tamestate.com\/tr\/"},{"@type":"ListItem","position":2,"name":"Self \u0130stanbul projesi"}]},{"@type":"WebSite","@id":"https:\/\/tamestate.com\/#website","url":"https:\/\/tamestate.com\/","name":"Tamturkey","description":"\u062a\u0627\u0645 \u062a\u0631\u06a9\u06cc | \u062e\u0631\u06cc\u062f \u062e\u0627\u0646\u0647 \u062f\u0631 \u062a\u0631\u06a9\u06cc\u0647 | \u0627\u062e\u0630 \u0634\u0647\u0631\u0648\u0646\u062f\u06cc \u062a\u0631\u06a9\u06cc\u0647 | \u062e\u0631\u06cc\u062f \u062e\u0627\u0646\u0647 \u062f\u0631 \u0627\u0633\u062a\u0627\u0646\u0628\u0648\u0644 | \u0627\u0642\u0627\u0645\u062a \u062a\u0631\u06a9\u06cc\u0647","publisher":{"@id":"https:\/\/tamestate.com\/#organization"},"potentialAction":[{"@type":"SearchAction","target":{"@type":"EntryPoint","urlTemplate":"https:\/\/tamestate.com\/?s={search_term_string}"},"query-input":{"@type":"PropertyValueSpecification","valueRequired":true,"valueName":"search_term_string"}}],"inLanguage":"tr"},{"@type":["Organization","Place","RealEstateAgent"],"@id":"https:\/\/tamestate.com\/#organization","name":"\u0645\u0631\u062c\u0639 \u0627\u0637\u0644\u0627\u0639\u0627\u062a \u062a\u062e\u0635\u0635\u06cc \u0648 \u0627\u062e\u0628\u0627\u0631 \u0631\u0648\u0632 \u062a\u0631\u06a9\u06cc\u0647","url":"https:\/\/tamestate.com\/","logo":{"@id":"https:\/\/tamestate.com\/tr\/self-istanbul-projesi\/#local-main-organization-logo"},"image":{"@id":"https:\/\/tamestate.com\/tr\/self-istanbul-projesi\/#local-main-organization-logo"},"sameAs":["https:\/\/www.instagram.com\/tamturkey","https:\/\/www.youtube.com\/channel\/UC8nMeXuy4N3s75zGrIxPLBA"],"address":{"@id":"https:\/\/tamestate.com\/tr\/self-istanbul-projesi\/#local-main-place-address"},"telephone":["0552288939","0552288939"],"openingHoursSpecification":[{"@type":"OpeningHoursSpecification","dayOfWeek":["Monday","Tuesday","Wednesday","Thursday","Friday","Saturday","Sunday"],"opens":"09:00","closes":"17:00"}]},{"@type":"Person","@id":"https:\/\/tamestate.com\/#\/schema\/person\/a924563504bb20539630288fdd8f6650","name":"fw2021adfmnews","image":{"@type":"ImageObject","inLanguage":"tr","@id":"https:\/\/tamestate.com\/#\/schema\/person\/image\/","url":"https:\/\/secure.gravatar.com\/avatar\/1f1d13a7596876466fd9d7179cbd3980038ac2a59b1164b78f03975c3147cbb9?s=96&d=mm&r=g","contentUrl":"https:\/\/secure.gravatar.com\/avatar\/1f1d13a7596876466fd9d7179cbd3980038ac2a59b1164b78f03975c3147cbb9?s=96&d=mm&r=g","caption":"fw2021adfmnews"}},{"@type":"PostalAddress","@id":"https:\/\/tamestate.com\/tr\/self-istanbul-projesi\/#local-main-place-address","streetAddress":"\u0645\u062c\u062a\u0645\u0639 \u0627\u0639\u0645\u0627\u0631 \u0627\u0633\u062a\u0627\u0646\u0628\u0648\u0644 EMAAR SQUARE ISTANBUL","addressLocality":"ISTANBUL","postalCode":"34005","addressCountry":"TR"},{"@type":"ImageObject","inLanguage":"tr","@id":"https:\/\/tamestate.com\/tr\/self-istanbul-projesi\/#local-main-organization-logo","url":"https:\/\/tamestate.com\/wp-content\/uploads\/2020\/01\/turkey-country-tamturkey-300.png","contentUrl":"https:\/\/tamestate.com\/wp-content\/uploads\/2020\/01\/turkey-country-tamturkey-300.png","width":300,"height":83,"caption":"\u0645\u0631\u062c\u0639 \u0627\u0637\u0644\u0627\u0639\u0627\u062a \u062a\u062e\u0635\u0635\u06cc \u0648 \u0627\u062e\u0628\u0627\u0631 \u0631\u0648\u0632 \u062a\u0631\u06a9\u06cc\u0647"}]},"geo.placename":"ISTANBUL","geo.region":"Turkey"},"_links":{"self":[{"href":"https:\/\/tamestate.com\/tr\/wp-json\/wp\/v2\/posts\/19547","targetHints":{"allow":["GET"]}}],"collection":[{"href":"https:\/\/tamestate.com\/tr\/wp-json\/wp\/v2\/posts"}],"about":[{"href":"https:\/\/tamestate.com\/tr\/wp-json\/wp\/v2\/types\/post"}],"author":[{"embeddable":true,"href":"https:\/\/tamestate.com\/tr\/wp-json\/wp\/v2\/users\/2"}],"replies":[{"embeddable":true,"href":"https:\/\/tamestate.com\/tr\/wp-json\/wp\/v2\/comments?post=19547"}],"version-history":[{"count":4,"href":"https:\/\/tamestate.com\/tr\/wp-json\/wp\/v2\/posts\/19547\/revisions"}],"predecessor-version":[{"id":19561,"href":"https:\/\/tamestate.com\/tr\/wp-json\/wp\/v2\/posts\/19547\/revisions\/19561"}],"wp:featuredmedia":[{"embeddable":true,"href":"https:\/\/tamestate.com\/tr\/wp-json\/wp\/v2\/media\/9839"}],"wp:attachment":[{"href":"https:\/\/tamestate.com\/tr\/wp-json\/wp\/v2\/media?parent=19547"}],"wp:term":[{"taxonomy":"category","embeddable":true,"href":"https:\/\/tamestate.com\/tr\/wp-json\/wp\/v2\/categories?post=19547"},{"taxonomy":"post_tag","embeddable":true,"href":"https:\/\/tamestate.com\/tr\/wp-json\/wp\/v2\/tags?post=19547"}],"curies":[{"name":"wp","href":"https:\/\/api.w.org\/{rel}","templated":true}]}}