{"id":23657,"date":"2023-09-02T17:35:32","date_gmt":"2023-09-02T14:35:32","guid":{"rendered":"https:\/\/tamturkey.com\/camlivadi-projects-istanbul\/"},"modified":"2023-09-05T21:39:06","modified_gmt":"2023-09-05T18:39:06","slug":"camlivadi-projects-istanbul","status":"publish","type":"post","link":"https:\/\/tamestate.com\/tr\/camlivadi-projects-istanbul\/","title":{"rendered":"\u00c7aml\u0131vadi \u0130stanbul projesi | \u00c7aml\u0131vadi projesi \u0130stanbul"},"content":{"rendered":"<p>[vc_row][vc_column][vc_column_text]<\/p>\n<h3 style=\"text-align: center;\"><span style=\"font-size: 14pt;\">\u00c7aml\u0131vadi \u0130stanbul projesi | \u00c7aml\u0131vadi projesi \u0130stanbul<\/span><\/h3>\n<p>[\/vc_column_text][\/vc_column][\/vc_row][vc_row][vc_column][vc_column_text]<\/p>\n<p dir=\"ltr\" style=\"text-align: justify;\">Avrupa Konutlar\u0131 \u015firketi, in\u015faat sekt\u00f6r\u00fcnde 40 y\u0131l\u0131 a\u015fk\u0131n bilgi ve tecr\u00fcbesiyle T\u00fcrkiye&#8217;nin en b\u00fcy\u00fck in\u015faat\u00e7\u0131lar\u0131ndan biridir. ARTA\u015e GRUP imzal\u0131, \u015fehir merkezinde yer alan 117.000 metrekare arsa \u00fczerine in\u015fa edilen Avrupa Konutlar\u0131 \u00c7aml\u0131vadi projesi. G\u00fczel do\u011fas\u0131 ve u\u00e7suz bucaks\u0131z ormanlar\u0131 ile size farkl\u0131 ve harika bir ya\u015fam sunuyor. Bu projede yer alan daireler 1+1&#8217;den 5+1&#8217;e kadar her aileye uygun olacak \u015fekilde tasarlanm\u0131\u015ft\u0131r. Aile ortam\u0131na sahip \u00c7aml\u0131vadi \u0130stanbul projesinde 10 blok ve 919 daire bulunuyor.<\/p>\n<p>[\/vc_column_text][vc_column_text]<\/p>\n<h1 dir=\"ltr\" style=\"text-align: justify;\"><span style=\"color: #ff0000; font-size: 12pt;\">\u00c7aml\u0131vadi \u0130stanbul projesinin tan\u0131t\u0131m\u0131<\/span><\/h1>\n<p dir=\"ltr\" style=\"text-align: justify;\">\u00c7aml\u0131vadi \u0130stanbul projesi Avrupa yakas\u0131nda KA\u011eITHANE semtinde yer al\u0131yor. Konut birimleri 1 ila 5 yatak odas\u0131ndan olu\u015fmaktad\u0131r. Bu proje, sakinlerine m\u00fckemmel olanaklar ve e\u011flence sunuyor. Daha fazla bilgi i\u00e7in t\u0131klay\u0131n.<\/p>\n<p dir=\"ltr\" style=\"text-align: justify;\">\u00c7aml\u0131vadi \u0130stanbul projesi Avrupa yakas\u0131nda KA\u011eITHANE semtinde yer al\u0131yor. Do\u011fayla ilgilenen ve evinin ormana yak\u0131n olmas\u0131n\u0131 sevenler i\u00e7in bu proje uygundur \u00e7\u00fcnk\u00fc Chamli Wadi Belgrad orman\u0131na 1 dakika uzakl\u0131ktad\u0131r. \u00c7aml\u0131 Vadi ya da Fars\u00e7a \u00c7aml\u0131 Vadi, son aylarda zenginlerin \u0130stanbul&#8217;da ev sat\u0131n ald\u0131\u011f\u0131 en yeni yer haline geldi. Skyland \u0130stanbul ile \u00c7aml\u0131vadi \u0130stanbul projesi aras\u0131ndaki mesafenin birbirine sadece 5 dakika mesafede olmas\u0131 ve neredeyse ayn\u0131 kentsel b\u00f6lgede yer almalar\u0131 ilgin\u00e7tir.<\/p>\n<p dir=\"ltr\" style=\"text-align: justify;\">Binalar ve orman aras\u0131ndaki mesafe neredeyse s\u0131f\u0131r ve bu kasaban\u0131n tamamen \u00e7am orman\u0131n\u0131n ortas\u0131nda in\u015fa edildi\u011fi s\u00f6ylenebilir. \u00c7aml\u0131vadi&#8217;nin i\u00e7inde bulundu\u011fu \u00e7am orman\u0131 Belgrad Orman\u0131 olarak adland\u0131r\u0131l\u0131r ve \u00e7ok \u00f6zel bir g\u00fczelli\u011fe sahiptir. Sizi bu projeyle daha fazla tan\u0131\u015ft\u0131raca\u011f\u0131z.<\/p>\n<p>[\/vc_column_text][vc_column_text]<\/p>\n<p dir=\"ltr\" style=\"text-align: center;\"><span style=\"color: #ff0000;\"><strong>T\u00fcrk vatanda\u015fl\u0131\u011f\u0131na uygun \u00c7aml\u0131vadi projesi<\/strong><\/span><\/p>\n<p dir=\"ltr\" style=\"text-align: center;\"><strong>Daha fazla bilgi i\u00e7in a\u015fa\u011f\u0131daki ba\u011flant\u0131dan uzmanlar\u0131m\u0131zla ileti\u015fime ge\u00e7in<\/strong><\/p>\n<p dir=\"ltr\" style=\"text-align: center;\"><strong>\u0130stanbul&#8217;da m\u00fclk sat\u0131n alma konusunda tavsiye talebi<\/strong><\/p>\n<p>[\/vc_column_text][vc_message message_box_style=&#8221;solid-icon&#8221; message_box_color=&#8221;green&#8221; css_animation=&#8221;rotateInDownLeft&#8221;]<\/p>\n<p dir=\"ltr\" style=\"text-align: center;\"><strong>\u00c7aml\u0131vadi proje birimlerinin arac\u0131s\u0131z sat\u0131\u015f temsilcisi<\/strong><\/p>\n<p style=\"text-align: center;\"><strong>\u00a0WHATSAPP : <a href=\"https:\/\/wa.me\/905522888939\" target=\"_blank\" rel=\"noopener noreferrer\">https:\/\/wa.me\/905522888939<\/a><\/strong><\/p>\n<p>[\/vc_message][\/vc_column][\/vc_row][vc_row][vc_column][vc_hoverbox image=&#8221;21888&#8243; primary_title=&#8221;T\u00fcrkiye&#8217;de m\u00fclk sat\u0131n al\u0131rken dikkat edilmesi gereken \u00f6nemli bir nokta&#8221; hover_title=&#8221;&#8221;]<\/p>\n<div class=\"wpb_text_column wpb_content_element vc_custom_1671120791596\">\n<div class=\"wpb_wrapper\">\n<p><strong>\u0130stedi\u011finiz evi ve m\u00fclk\u00fc se\u00e7mek i\u00e7in deneyimli dan\u0131\u015fmanlarla ileti\u015fime ge\u00e7ti\u011finizden emin olun.<\/strong><\/p>\n<p><strong>Uzman ve do\u011fru tavsiyeler, se\u00e7imde ve hatta vatanda\u015fl\u0131k alma ad\u0131mlar\u0131nda b\u00fcy\u00fck etkiye sahiptir ve g\u00f6z ard\u0131 edilemez.<\/strong><\/p>\n<p><strong>\u0130stedi\u011finiz evi ve m\u00fclk\u00fc se\u00e7mek i\u00e7in TAMTURKEY dan\u0131\u015fmanlar\u0131yla ileti\u015fime ge\u00e7ti\u011finizden emin olun.<\/strong><\/p>\n<p><strong><a href=\"https:\/\/wa.me\/905522888939\">\u064cWHATSAPP: https:\/\/wa.me\/905522888939<\/a><\/strong><\/p>\n<\/div>\n<\/div>\n<p>&nbsp;<\/p>\n<p>&nbsp;<\/p>\n<p>[\/vc_hoverbox][vc_custom_heading text=&#8221;R\u00fcya gibi bir do\u011fada ya\u015famak \u00c7aml\u0131vadi&#8221; font_container=&#8221;tag:h2|text_align:center&#8221;][vc_column_text]<\/p>\n<h2 dir=\"ltr\" style=\"text-align: left;\"><span style=\"font-size: 12pt; color: #ff0000;\"><strong>\u0130stanbul&#8217;daki \u00c7aml\u0131vadi proje \u00fcniteleri \u00c7aml\u0131vadi \u0130stanbul<\/strong><\/span><\/h2>\n<p dir=\"ltr\" style=\"text-align: justify;\"><strong>Avrupa Konutlar\u0131 \u00c7aml\u0131vadi 19 blokta 919 konut ile yepyeni bir ya\u015fam sunuyor. Bu proje KA\u011eITHANE fabrika alan\u0131 i\u00e7erisinde yer almaktad\u0131r. 19 blok ile toplam alan\u0131 119.000 metrekaredir. Avrupa Konutlar\u0131 \u00c7aml\u0131vadi Projesi Avrupa Konutlar\u0131 \u00c7aml\u0131vadi \u0130stanbul \u0130stanbul, a\u015fa\u011f\u0131daki b\u00fcy\u00fckl\u00fcklerde in\u015fa edilmi\u015f 919 konuttan olu\u015fmaktad\u0131r.<\/strong><\/p>\n<p dir=\"ltr\" style=\"text-align: justify;\"><strong>1+1 yatak odal\u0131 birim: 42 ila 51 metrekare<\/strong><\/p>\n<p dir=\"ltr\" style=\"text-align: justify;\"><strong>1+2 yatak odal\u0131 birim: 66 ila 94 metrekare<\/strong><\/p>\n<p dir=\"ltr\" style=\"text-align: justify;\"><strong>3+1 yatak odal\u0131 birim: 112 ila 122 metrekare<\/strong><\/p>\n<p dir=\"ltr\" style=\"text-align: justify;\"><strong>4+1 yatak odal\u0131 birim: 132 ila 146 metrekare<\/strong><\/p>\n<p dir=\"ltr\" style=\"text-align: justify;\"><strong>5+1 yatak odal\u0131 birim: 148 ila 201 metrekare<\/strong><\/p>\n<p dir=\"ltr\" style=\"text-align: justify;\"><strong>T\u00fcm birimlerin tavan y\u00fcksekli\u011fi 3 metredir.<\/strong><\/p>\n<p>[\/vc_column_text][vc_single_image image=&#8221;23420&#8243; img_size=&#8221;full&#8221; alignment=&#8221;center&#8221; onclick=&#8221;link_image&#8221;][\/vc_column][\/vc_row][vc_row][vc_column][vc_btn title=&#8221;1+1 1+1 birimlerin \u00f6zellikleri ve plan\u0131 Blok T, D, E, O, O1, I&#8221; color=&#8221;green&#8221; size=&#8221;lg&#8221; align=&#8221;center&#8221; css_animation=&#8221;bounceInRight&#8221; button_block=&#8221;true&#8221;][vc_gallery type=&#8221;nivo&#8221; interval=&#8221;3&#8243; images=&#8221;23456,23462,23468,23474,23480,23486,23492&#8243; img_size=&#8221;full&#8221;][vc_column_text]<\/p>\n<p dir=\"ltr\"><span style=\"color: #ff0000;\"><strong>1+1 yatak odal\u0131 birim: 42 ila 51 metrekare<\/strong><\/span><\/p>\n<p dir=\"ltr\"><strong> 1+1<\/strong><br \/>\n<strong>1+1 A-T<\/strong><br \/>\n<strong>1+1 B1 T<\/strong><br \/>\n<strong>1+1 D<\/strong><br \/>\n<strong>1+1 E<\/strong><br \/>\n<strong>1+1 E-T<\/strong><br \/>\n<strong>1+1 I<\/strong><br \/>\n<strong>1+1 O<\/strong><br \/>\n<strong>1+1 O1<\/strong><\/p>\n<p>[\/vc_column_text][\/vc_column][\/vc_row][vc_row][vc_column][vc_btn title=&#8221;Birimlerin \u00f6zellikleri ve planlar\u0131 1+2 | A,B,C,D-T,E-T,F-T,G-T,H-T,I,\u0130,\u01301,K-T,L-T,M,O,\u00d6,\u00d61,P,Q,R,S,\u015e,U,\u00dc,\u00dc1,V,V1,Z&#8221; color=&#8221;sky&#8221; size=&#8221;lg&#8221; align=&#8221;center&#8221; css_animation=&#8221;bounceInRight&#8221; button_block=&#8221;true&#8221;][vc_gallery type=&#8221;nivo&#8221; interval=&#8221;3&#8243; images=&#8221;23499,23505,23511,23517,23523,23529,23535,23541,23547,23553,23559,23565,23571&#8243; img_size=&#8221;full&#8221;][vc_column_text]<\/p>\n<p dir=\"ltr\"><strong><span style=\"color: #ff0000;\">1+2 yatak odal\u0131 birim: 66 ila 94 metrekare<\/span><\/strong><\/p>\n<p dir=\"ltr\"><strong>\u00a02+1 A,B,C,D-T,E-T,F-T,G-T,H-T,I,\u0130,\u01301,K-T,L-T,M,O,\u00d6,\u00d61,P,Q,R,S,\u015e,U,\u00dc,\u00dc1,V,V1,Z<\/strong><\/p>\n<p dir=\"ltr\"><strong>2+1 A<\/strong><br \/>\n<strong>2+1 B<\/strong><br \/>\n<strong>2+1 C<\/strong><br \/>\n<strong>2+1 D-T<\/strong><br \/>\n<strong>2+1 E-T<\/strong><br \/>\n<strong>2+1 F-T<\/strong><br \/>\n<strong>2+1 G-T<\/strong><br \/>\n<strong>2+1 H-T<\/strong><br \/>\n<strong>2+1 I<\/strong><br \/>\n<strong>2+1 \u0130<\/strong><br \/>\n<strong>2+1 \u01301<\/strong><br \/>\n<strong>2+1 K-T<\/strong><br \/>\n<strong>2+1 L-T<\/strong><br \/>\n<strong>2+1 M<\/strong><br \/>\n<strong>2+1 O<\/strong><br \/>\n<strong>2+1 \u00d6<\/strong><br \/>\n<strong>2+1 \u00d61<\/strong><br \/>\n<strong>2+1 P<\/strong><br \/>\n<strong>2+1 Q<\/strong><br \/>\n<strong>2+1 R<\/strong><br \/>\n<strong>2+1 S<\/strong><br \/>\n<strong>2+1 \u015e<\/strong><br \/>\n<strong>2+1 U<\/strong><br \/>\n<strong>2+1 \u00dc<\/strong><br \/>\n<strong>2+1 \u00dc1<\/strong><br \/>\n<strong>2+1 V<\/strong><br \/>\n<strong>2+1 V1<\/strong><br \/>\n<strong>2+1 Z<\/strong><\/p>\n<p>[\/vc_column_text][\/vc_column][\/vc_row][vc_row][vc_column][vc_btn title=&#8221;3 yatak odal\u0131 1+3 birimlerin \u00f6zellikleri ve plan\u0131 C, D, E, F, G, H, Ben, I1, J, J1, L, L1, M, \u00d6&#8221; color=&#8221;danger&#8221; size=&#8221;lg&#8221; align=&#8221;center&#8221; css_animation=&#8221;bounceInRight&#8221; button_block=&#8221;true&#8221;][vc_gallery type=&#8221;nivo&#8221; interval=&#8221;3&#8243; images=&#8221;23577,23583,23589,23595&#8243; img_size=&#8221;full&#8221;][vc_column_text]<\/p>\n<p dir=\"ltr\"><strong><span style=\"color: #ff0000;\">3+1 yatak odal\u0131 birim: 112 ila 122 metrekare<\/span><\/strong><\/p>\n<p dir=\"ltr\"><strong> 3+1<\/strong><\/p>\n<p dir=\"ltr\"><strong>3+1 C<br \/>\n3+1 D<br \/>\n3+1 E<br \/>\n3+1 F<br \/>\n3+1 G<br \/>\n3+1 H<br \/>\n3+1 I<br \/>\n3+1 I1<br \/>\n3+1 J<br \/>\n3+1 J1<br \/>\n3+1 L<br \/>\n3+1 L1<br \/>\n3+1 M<br \/>\n3+1 O<\/strong><\/p>\n<p>[\/vc_column_text][\/vc_column][\/vc_row][vc_row][vc_column][vc_btn title=&#8221;4 yatak odal\u0131 1+4 birimlerin \u00f6zellikleri ve plan\u0131 A, B, C, D1, E, F&#8221; color=&#8221;primary&#8221; size=&#8221;lg&#8221; align=&#8221;center&#8221; css_animation=&#8221;bounceInRight&#8221; button_block=&#8221;true&#8221;][vc_gallery type=&#8221;nivo&#8221; interval=&#8221;3&#8243; images=&#8221;23601,23607,23613,23619&#8243; img_size=&#8221;full&#8221;][vc_column_text]<\/p>\n<p dir=\"ltr\"><strong><span style=\"color: #ff0000;\">4+1 yatak odal\u0131 birim: 132 ila 146 metrekare<\/span><\/strong><\/p>\n<p dir=\"ltr\"><strong> 4+1<\/strong><\/p>\n<p dir=\"ltr\"><strong>A , B , C , D1 , E , F<br \/>\n4+1 A<br \/>\n4+1 B<br \/>\n4+1 C<br \/>\n4+1 D1<br \/>\n4+1 E<br \/>\n4+1 F<\/strong><\/p>\n<p>[\/vc_column_text][\/vc_column][\/vc_row][vc_row][vc_column][vc_btn title=&#8221;5 yatak odal\u0131 1+5 birimlerin \u00f6zellikleri ve plan\u0131 A, B&#8221; color=&#8221;warning&#8221; size=&#8221;lg&#8221; align=&#8221;center&#8221; css_animation=&#8221;bounceInRight&#8221; button_block=&#8221;true&#8221;][vc_gallery type=&#8221;nivo&#8221; interval=&#8221;3&#8243; images=&#8221;23625,23631&#8243; img_size=&#8221;full&#8221;][vc_column_text]<\/p>\n<p dir=\"ltr\"><strong><span style=\"color: #ff0000;\">5+1 yatak odal\u0131 birim: 148 ila 201 metrekare<\/span><\/strong><\/p>\n<p dir=\"ltr\"><strong> 5+1<\/strong><\/p>\n<p dir=\"ltr\"><strong>A , B<br \/>\n5+1 A<br \/>\n5+1 B<br \/>\n<\/strong><\/p>\n<p>[\/vc_column_text][\/vc_column][\/vc_row][vc_row][vc_column][vc_column_text]<\/p>\n<h3 dir=\"ltr\" style=\"text-align: justify;\"><span style=\"color: #ff0000;\">\u00c7aml\u0131vadi projesinin olanaklar\u0131<\/span><\/h3>\n<p dir=\"ltr\" style=\"text-align: justify;\">Bu proje kapsam\u0131nda 2 \u00f6zel okul ve \u00e7ok dilli bir uluslararas\u0131 okul in\u015fa edilmi\u015ftir. Binicilik sporuna ilginiz varsa \u00c7aml\u0131vadi projesinde a\u00e7\u0131k ve kapal\u0131 binicilik parkuru bulunuyor.<\/p>\n<ul>\n<li dir=\"ltr\" style=\"text-align: justify;\"><strong>\u00d6zel okul a\u00e7\u0131k ve kapal\u0131 binicilik alan\u0131<\/strong><\/li>\n<li dir=\"ltr\" style=\"text-align: justify;\"><strong>Uluslararas\u0131 Okul (B)<\/strong><\/li>\n<li dir=\"ltr\" style=\"text-align: justify;\"><strong>Al\u0131\u015fveri\u015f merkezi ve kapal\u0131 \u00e7ar\u015f\u0131<\/strong><\/li>\n<li dir=\"ltr\" style=\"text-align: justify;\"><strong>Restoran \/ Kafeterya<\/strong><\/li>\n<li dir=\"ltr\" style=\"text-align: justify;\"><strong>Spor tesisleri<\/strong><\/li>\n<li dir=\"ltr\" style=\"text-align: justify;\"><strong>Futbol sahas\u0131, basketbol \/ tenis kortu<\/strong><\/li>\n<li dir=\"ltr\" style=\"text-align: justify;\"><strong>\u00c7ocuklar\u0131n oynamas\u0131 i\u00e7in park<\/strong><\/li>\n<li dir=\"ltr\" style=\"text-align: justify;\"><strong>dinlenme yerleri<\/strong><\/li>\n<li dir=\"ltr\" style=\"text-align: justify;\"><strong>Y\u00fcr\u00fcy\u00fc\u015f ve bisiklet alan\u0131<\/strong><\/li>\n<li dir=\"ltr\" style=\"text-align: justify;\"><strong>Yapay g\u00f6l<\/strong><\/li>\n<li dir=\"ltr\" style=\"text-align: justify;\"><strong>Kuru sauna, buharl\u0131 sauna<\/strong><\/li>\n<li dir=\"ltr\" style=\"text-align: justify;\"><strong>T\u00fcrk hamam\u0131, fitness salonu ve v\u00fccut geli\u015ftirmeci<\/strong><\/li>\n<li dir=\"ltr\" style=\"text-align: justify;\"><strong>Kapal\u0131 ve a\u00e7\u0131k y\u00fczme havuzu<\/strong><\/li>\n<li dir=\"ltr\" style=\"text-align: justify;\"><strong>kapal\u0131 y\u00fczme havuzu<\/strong><\/li>\n<li dir=\"ltr\" style=\"text-align: justify;\"><strong>Oyun alan\u0131<\/strong><\/li>\n<li dir=\"ltr\" style=\"text-align: justify;\"><strong>Tenis kortu<\/strong><\/li>\n<li dir=\"ltr\" style=\"text-align: justify;\"><strong>Basketbol sahas\u0131<\/strong><\/li>\n<li dir=\"ltr\" style=\"text-align: justify;\"><strong>y\u00fcr\u00fcy\u00fc\u015f yollar\u0131<\/strong><\/li>\n<li dir=\"ltr\" style=\"text-align: justify;\"><strong>\u00f6zel okul<\/strong><\/li>\n<li dir=\"ltr\" style=\"text-align: justify;\"><strong>Kafeterya<\/strong><\/li>\n<li dir=\"ltr\" style=\"text-align: justify;\"><strong>Binicilik parkuru<\/strong><\/li>\n<li dir=\"ltr\" style=\"text-align: justify;\"><strong>Restoran<\/strong><\/li>\n<li dir=\"ltr\" style=\"text-align: justify;\"><strong>Ma\u011faza<\/strong><\/li>\n<li dir=\"ltr\" style=\"text-align: justify;\"><strong>\u00c7ok dilli uluslararas\u0131 okul<\/strong><\/li>\n<\/ul>\n<p>[\/vc_column_text][vc_gallery type=&#8221;nivo&#8221; interval=&#8221;3&#8243; images=&#8221;23426,23444,23438,23432&#8243; img_size=&#8221;full&#8221;][\/vc_column][\/vc_row][vc_row][vc_column][vc_column_text]<\/p>\n<h4 dir=\"ltr\" style=\"text-align: justify;\"><strong><span style=\"color: #ff0000;\">\u00c7aml\u0131vadi \u0130stanbul projesi eri\u015fim<\/span><\/strong><\/h4>\n<p dir=\"ltr\" style=\"text-align: justify;\">TEM otoyoluna 1 dakika mesafede ula\u015f\u0131m rahatl\u0131\u011f\u0131n\u0131 yan\u0131 ba\u015f\u0131ndaki yemye\u015fil orman\u0131n huzuruyla birle\u015ftiren bir proje. Kalite, konfor, sosyallik gibi bir\u00e7ok g\u00fczelli\u011fi b\u00fcnyesine katarak hayata ayr\u0131cal\u0131k tan\u0131yor.<\/p>\n<p dir=\"ltr\" style=\"text-align: justify;\">Mutlulu\u011fa giden t\u00fcm yollar sizin i\u00e7in kuruldu&#8230;<\/p>\n<p dir=\"ltr\" style=\"text-align: justify;\">\u0130stanbul Havaliman\u0131 Havaliman\u0131&#8217;na 25 dakikada ula\u015f\u0131m sa\u011flayan bir lokasyona sahip olan Avrupa Konutlar\u0131 \u00c7aml\u0131vadi&#8217;nin bir di\u011fer cazibe merkezi. \u015eehrin en pop\u00fcler al\u0131\u015fveri\u015f ve e\u011flence merkezi olan vadi istanbul avm&#8217;ye ve metro ba\u011flant\u0131l\u0131 vadi istanbul havaray&#8217;a sadece 2 dakika uzakl\u0131ktas\u0131n\u0131z.<\/p>\n<p dir=\"ltr\" style=\"text-align: justify;\">Ayr\u0131ca Nef stad\u0131na yak\u0131nl\u0131\u011f\u0131 ve kendine ait sosyal alanlar\u0131 ile. Ayr\u0131ca \u00e7ocuklar, gen\u00e7ler ve aileler i\u00e7in sundu\u011fu ula\u015f\u0131m alan\u0131 da dikkat \u00e7ekiyor.<\/p>\n<h5 dir=\"ltr\" style=\"text-align: justify;\"><span style=\"color: #ff0000; font-size: 12pt;\">\u00c7aml\u0131vadi projesi eri\u015fim<\/span><\/h5>\n<ul>\n<li dir=\"ltr\" style=\"text-align: justify;\"><strong>Maslak b\u00f6lgesinde yer almaktad\u0131r.<\/strong><\/li>\n<li dir=\"ltr\" style=\"text-align: justify;\"><strong>TEM ile 1 dakika<\/strong><\/li>\n<li dir=\"ltr\" style=\"text-align: justify;\"><strong>Havaalan\u0131 25 dakika<\/strong><\/li>\n<li dir=\"ltr\" style=\"text-align: justify;\"><strong>Spor salonu 5 dakika uzakl\u0131ktad\u0131r.<\/strong><\/li>\n<li dir=\"ltr\" style=\"text-align: justify;\"><strong>Zorlu Center Zorlu Center al\u0131\u015fveri\u015f merkezi 10 dakika<\/strong><\/li>\n<li dir=\"ltr\" style=\"text-align: justify;\"><strong>Kamu hastanesi<\/strong><\/li>\n<li dir=\"ltr\" style=\"text-align: justify;\"><strong>Taksim Meydan\u0131&#8217;na 5 dakika<\/strong><\/li>\n<li dir=\"ltr\" style=\"text-align: justify;\"><strong>\u00fcniversiteye 15 dakika<\/strong><\/li>\n<li dir=\"ltr\" style=\"text-align: justify;\"><strong>Galatasaray Stadyumu 20 dakika<\/strong><\/li>\n<li dir=\"ltr\" style=\"text-align: justify;\"><strong>\u015ei\u015fli 15 dakika<\/strong><\/li>\n<li dir=\"ltr\" style=\"text-align: justify;\"><strong>Merkeze metroya 5 dakika<\/strong><\/li>\n<li dir=\"ltr\" style=\"text-align: justify;\"><strong>Wadi \u0130stanbul&#8217;da al\u0131\u015fveri\u015f, vadi istanbul al\u0131\u015fveri\u015f merkezi, 3 dakika<\/strong><\/li>\n<li dir=\"ltr\" style=\"text-align: justify;\"><strong>\u0130stanbul Cevahir Al\u0131\u015fveri\u015f Merkezi 10 dakika<\/strong><\/li>\n<li dir=\"ltr\" style=\"text-align: justify;\"><strong>Be\u015fikta\u015f 15 dakika<\/strong><\/li>\n<li dir=\"ltr\" style=\"text-align: justify;\"><strong>Ni\u015fanta\u015f\u0131 15 dakika<\/strong><\/li>\n<li dir=\"ltr\" style=\"text-align: justify;\"><strong>\u0130stanbul Teknik \u00dcniversitesi 10 dakika<\/strong><\/li>\n<\/ul>\n<p>[\/vc_column_text][vc_column_text]<\/p>\n<div style=\"width: 1920px;\" class=\"wp-video\"><video class=\"wp-video-shortcode\" id=\"video-23657-1\" width=\"1920\" height=\"1080\" preload=\"metadata\" controls=\"controls\"><source type=\"video\/mp4\" src=\"https:\/\/tamturkey.com\/wp-content\/uploads\/2022\/11\/camlica-.mp4?_=1\" \/><a href=\"https:\/\/tamturkey.com\/wp-content\/uploads\/2022\/11\/camlica-.mp4\">https:\/\/tamturkey.com\/wp-content\/uploads\/2022\/11\/camlica-.mp4<\/a><\/video><\/div>\n<p>[\/vc_column_text][vc_column_text]<\/p>\n<p dir=\"ltr\" style=\"text-align: center;\"><span style=\"color: #ff0000;\"><strong>Dan\u0131\u015fmanl\u0131k almak ve \u00c7aml\u0131vadi projesini ziyaret etmek i\u00e7in bize ula\u015f\u0131n<\/strong><\/span><\/p>\n<p dir=\"ltr\" style=\"text-align: center;\"><strong>\u00c7aml\u0131vadi projesinde ev al\u0131p satmay\u0131 d\u00fc\u015f\u00fcn\u00fcyorsan\u0131z l\u00fctfen ba\u015fvuru formunu doldurarak talebinizi iletin.<\/strong><\/p>\n<p dir=\"ltr\" style=\"text-align: center;\"><strong>Dan\u0131\u015fman ve gayrimenkul uzmanlar\u0131ndan olu\u015fan grup rehberlik ve detayl\u0131 bilgi i\u00e7in sizinle ileti\u015fime ge\u00e7ecektir.<\/strong><\/p>\n<p>[\/vc_column_text][vc_raw_html]JTVCZm9ybWlkYWJsZSUyMGlkJTNEMiUyMHRpdGxlJTNEdHJ1ZSUyMGRlc2NyaXB0aW9uJTNEdHJ1ZSU1RA==[\/vc_raw_html][\/vc_column][\/vc_row][vc_row][vc_column]\t<script>\n\t\tjQuery(document).ready(function($){\n\t\t\t\tvar rtl = false;\n\t\t\t\t\t\t\t\tvar rows = 4;\n\t\t\t\tif (rows !== '' && rows > 1) {\n\t\t\t\t \tvar divs = $(\".sb-content-628 .sb-item\");\n\t\t\t\t\tfor(var i = 0; i < divs.length; i+=rows) {\n\t\t\t\t\t  divs.slice(i, i+rows).wrapAll(\"<div class='rows-4'><\/div>\");\n\t\t\t\t\t}\n\t\t\t\t}\n\n\t\t\t $(\".sb-content-628\").owlCarousel({\n\t\t\t\titems: 3,\n\t\t\t\tbaseClass: 'mom-carousel',\n\t\t\t\trtl: rtl,\n\t\t\t\tautoplay:false,\n\t\t\t\tautoplayTimeout:5000,\n\t\t\t\tautoplayHoverPause : true,\n\t\t\t\tresponsive:{\n\t\t\t\t1000:{\n\t\t\t\t  items:3\t\t\t\t},\n\n\t\t\t\t671:{\n\t\t\t\t  items:3\n\t\t\t\t},\n\n\t\t\t\t480:{\n\t\t\t\t  items:2\n\t\t\t\t},\n\n\t\t\t\t320:{\n\t\t\t\t  items:1\n\t\t\t\t},\n\t\t\t\t1:{\n\t\t\t\t  items:1\n\t\t\t\t}\n\t\t\t\t\t     }\n\t\t\t});\n\t\t});\n\t<\/script>\n                <div class=\"news-box  base-box scrolling-box-wrap\">\n                    <header class=\"nb-header\" >\n                        <h2 class=\"nb-title\" style=\";\"><a href=\"https:\/\/tamestate.com\/tr\/category\/projeler\/\">Projeler<\/a><\/h2>\n                    <\/header> <!--nb header-->\n                    <div class=\"nb-content\">\n                        <div class=\"scrolling-box\">\n                            <div class=\"sb-content mom-carousel sb-content-628\">\n\t\t\t\t                                <div class=\"sb-item post-8445 post type-post status-publish format-standard has-post-thumbnail category-gayrimenkul-hizmetleri tag-emaar-alisveris-merkezi tag-emaar-avm tag-emaar-erisim-ve-tesisler tag-emaar-istanbul-projesi tag-emaar-istanbul-projesi-erisim-ve-tesisler tag-emaar-projesi tag-emaar-square-istanbul-emaar-istanbul-projesi tag-emmar-istanbul-tr tag-heights-konut-kuleleri-istanbul-emaar-projesi tag-istanbul-emaar-projesi tag-turkiyede-yatirim\">\n\t\t\t\t                                   <div class=\"sb-item-img\">\n                                        <a href=\"https:\/\/tamestate.com\/tr\/emaar-square-istanbul-emaar-istanbul-projesi\/\"><img loading=\"lazy\" decoding=\"async\" src=\"https:\/\/tamestate.com\/wp-content\/uploads\/2020\/06\/Emaar-Projesi-tamturkey-610x380.jpg\" data-hidpi=\"https:\/\/tamestate.com\/wp-content\/uploads\/2020\/06\/Emaar-Projesi-tamturkey-610x380.jpg\" alt=\"EMAAR SQUARE \u0130STANBUL | EMAAR ISTANBUL PROJES\u0130\" width=\"610\" height=\"380\"><\/a><span class=\"post-format-icon\"><\/span>\n                                   <\/div>\n\t\t\t\t                                   <h3><a href=\"https:\/\/tamestate.com\/tr\/emaar-square-istanbul-emaar-istanbul-projesi\/\">EMAAR SQUARE \u0130STANBUL | EMAAR ISTANBUL PROJES\u0130<\/a><\/h3>\n                                   <div class=\"mom-post-meta nb-item-meta\">\n                                    <span datetime=\"2024-11-14T15:38:02+03:00\" class=\"entry-date\">Kas\u0131m 14, 2024<\/span>\n\t\t\t\t\t                                   <\/div>\n\t\t\t\t\n\n                                <\/div> <!--sb item-->\n\t\t                                <div class=\"sb-item post-20747 post type-post status-publish format-standard has-post-thumbnail category-projeler tag-istanbuldaki-1453-maslak-projesinin-ozellikleri tag-maslak-1453-istanbul-projesi tag-maslak-1453-projesi\">\n\t\t\t\t                                   <div class=\"sb-item-img\">\n                                        <a href=\"https:\/\/tamestate.com\/tr\/maslak-1453-istanbul-projesi\/\"><img loading=\"lazy\" decoding=\"async\" src=\"https:\/\/tamestate.com\/wp-content\/uploads\/2021\/01\/maslak-1453-projects-tamturkey-610x380.jpg\" data-hidpi=\"https:\/\/tamestate.com\/wp-content\/uploads\/2021\/01\/maslak-1453-projects-tamturkey-610x380.jpg\" alt=\"Maslak 1453 \u0130stanbul projesi | maslak 1453\" width=\"610\" height=\"380\"><\/a><span class=\"post-format-icon\"><\/span>\n                                   <\/div>\n\t\t\t\t                                   <h3><a href=\"https:\/\/tamestate.com\/tr\/maslak-1453-istanbul-projesi\/\">Maslak 1453 \u0130stanbul projesi | maslak 1453<\/a><\/h3>\n                                   <div class=\"mom-post-meta nb-item-meta\">\n                                    <span datetime=\"2024-02-04T23:38:39+03:00\" class=\"entry-date\">\u015eubat 04, 2024<\/span>\n\t\t\t\t\t                                   <\/div>\n\t\t\t\t\n\n                                <\/div> <!--sb item-->\n\t\t                                <div class=\"sb-item post-24397 post type-post status-publish format-standard has-post-thumbnail category-turk-vatandasligi tag-istanbul-maslakta-ev-almak tag-istanbul-rams-projesi tag-rams-bayand-istanbul-projesi tag-rams-beyond-istanbul-projesi tag-rams-beyond-projesi tag-rams-biond-projesi\">\n\t\t\t\t                                   <div class=\"sb-item-img\">\n                                        <a href=\"https:\/\/tamestate.com\/tr\/rams-beyond-istanbul-project\/\"><img loading=\"lazy\" decoding=\"async\" src=\"https:\/\/tamestate.com\/wp-content\/uploads\/2023\/08\/RAMS-Beyond-Istanbul-Project-tamturkey-610x380.jpg\" data-hidpi=\"https:\/\/tamestate.com\/wp-content\/uploads\/2023\/08\/RAMS-Beyond-Istanbul-Project-tamturkey-610x380.jpg\" alt=\"RAMS Beyond \u0130stanbul Projesi | RAMS Beyond Istanbul Project\" width=\"610\" height=\"380\"><\/a><span class=\"post-format-icon\"><\/span>\n                                   <\/div>\n\t\t\t\t                                   <h3><a href=\"https:\/\/tamestate.com\/tr\/rams-beyond-istanbul-project\/\">RAMS Beyond \u0130stanbul Projesi | RAMS Beyond Istanbul Project<\/a><\/h3>\n                                   <div class=\"mom-post-meta nb-item-meta\">\n                                    <span datetime=\"2023-09-04T18:45:24+03:00\" class=\"entry-date\">Eyl\u00fcl 04, 2023<\/span>\n\t\t\t\t\t                                   <\/div>\n\t\t\t\t\n\n                                <\/div> <!--sb item-->\n\t\t                                <div class=\"sb-item post-22302 post type-post status-publish format-standard has-post-thumbnail tag-loca-kartal-referans-projesi\">\n\t\t\t\t                                   <div class=\"sb-item-img\">\n                                        <a href=\"https:\/\/tamestate.com\/tr\/referans-kartal-loca-project\/\"><img loading=\"lazy\" decoding=\"async\" src=\"https:\/\/tamestate.com\/wp-content\/uploads\/2022\/11\/\u06a9\u0627\u0648\u0631-\u067e\u0631\u0648\u0698\u0647-\u0631\u0641\u0631\u0627\u0646\u0633-\u06a9\u0627\u0631\u062a\u0627\u0644-610x380.png\" data-hidpi=\"https:\/\/tamestate.com\/wp-content\/uploads\/2022\/11\/\u06a9\u0627\u0648\u0631-\u067e\u0631\u0648\u0698\u0647-\u0631\u0641\u0631\u0627\u0646\u0633-\u06a9\u0627\u0631\u062a\u0627\u0644-610x380.png\" alt=\"Loca Kartal referans projesi | Referans kartal Loca Project\" width=\"610\" height=\"380\"><\/a><span class=\"post-format-icon\"><\/span>\n                                   <\/div>\n\t\t\t\t                                   <h3><a href=\"https:\/\/tamestate.com\/tr\/referans-kartal-loca-project\/\">Loca Kartal referans projesi | Referans kartal Loca Project<\/a><\/h3>\n                                   <div class=\"mom-post-meta nb-item-meta\">\n                                    <span datetime=\"2023-09-03T22:19:10+03:00\" class=\"entry-date\">Eyl\u00fcl 03, 2023<\/span>\n\t\t\t\t\t                                   <\/div>\n\t\t\t\t\n\n                                <\/div> <!--sb item-->\n\t\t                                <div class=\"sb-item post-22243 post type-post status-publish format-standard has-post-thumbnail tag-vadistanbul tag-vadistanbul-alisveris-merkezi tag-vadistanbul-projesi tag-vadistanbulda-ev-kiralamak tag-vadistanbulda-ev-satin-almak\">\n\t\t\t\t                                   <div class=\"sb-item-img\">\n                                        <a href=\"https:\/\/tamestate.com\/tr\/vadistanbul-vadistanbul-projesi\/\"><img loading=\"lazy\" decoding=\"async\" src=\"https:\/\/tamestate.com\/wp-content\/uploads\/2020\/12\/vadistanbul-project-1-tamturkey-610x380.jpg\" data-hidpi=\"https:\/\/tamestate.com\/wp-content\/uploads\/2020\/12\/vadistanbul-project-1-tamturkey-610x380.jpg\" alt=\"vadistanbul | vadistanbul Projesi\" width=\"610\" height=\"380\"><\/a><span class=\"post-format-icon\"><\/span>\n                                   <\/div>\n\t\t\t\t                                   <h3><a href=\"https:\/\/tamestate.com\/tr\/vadistanbul-vadistanbul-projesi\/\">vadistanbul | vadistanbul Projesi<\/a><\/h3>\n                                   <div class=\"mom-post-meta nb-item-meta\">\n                                    <span datetime=\"2023-09-03T21:24:15+03:00\" class=\"entry-date\">Eyl\u00fcl 03, 2023<\/span>\n\t\t\t\t\t                                   <\/div>\n\t\t\t\t\n\n                                <\/div> <!--sb item-->\n\t\t                                <div class=\"sb-item post-23365 post type-post status-publish format-standard has-post-thumbnail tag-acar-verde-istanbul-projesi\">\n\t\t\t\t                                   <div class=\"sb-item-img\">\n                                        <a href=\"https:\/\/tamestate.com\/tr\/acar-verde-istanbul-project\/\"><img loading=\"lazy\" decoding=\"async\" src=\"https:\/\/tamestate.com\/wp-content\/uploads\/2023\/02\/acarverde-rezidans-tamturkey-610x380.jpg\" data-hidpi=\"https:\/\/tamestate.com\/wp-content\/uploads\/2023\/02\/acarverde-rezidans-tamturkey-610x380.jpg\" alt=\"Acar Verde \u0130stanbul projesi - Acar Verde Istanbul\" width=\"610\" height=\"380\"><\/a><span class=\"post-format-icon\"><\/span>\n                                   <\/div>\n\t\t\t\t                                   <h3><a href=\"https:\/\/tamestate.com\/tr\/acar-verde-istanbul-project\/\">Acar Verde \u0130stanbul projesi &#8211; Acar Verde Istanbul<\/a><\/h3>\n                                   <div class=\"mom-post-meta nb-item-meta\">\n                                    <span datetime=\"2023-09-03T18:36:51+03:00\" class=\"entry-date\">Eyl\u00fcl 03, 2023<\/span>\n\t\t\t\t\t                                   <\/div>\n\t\t\t\t\n\n                                <\/div> <!--sb item-->\n\t\t                                <div class=\"sb-item post-20785 post type-post status-publish format-standard has-post-thumbnail category-istanbulda-ev-satin-al tag-torun-center-istanbul tag-torun-center-istanbul-torun-center-istanbul-projesi tag-torun-center-istanbul-projesi\">\n\t\t\t\t                                   <div class=\"sb-item-img\">\n                                        <a href=\"https:\/\/tamestate.com\/tr\/torun-center-istanbul-torun-center-istanbul-projesi\/\"><img loading=\"lazy\" decoding=\"async\" src=\"https:\/\/tamestate.com\/wp-content\/uploads\/2021\/04\/torun-center-1-tamturkey-610x380.png\" data-hidpi=\"https:\/\/tamestate.com\/wp-content\/uploads\/2021\/04\/torun-center-1-tamturkey-610x380.png\" alt=\"Torun Center Istanbul | Torun Center \u0130stanbul projesi\" width=\"610\" height=\"380\"><\/a><span class=\"post-format-icon\"><\/span>\n                                   <\/div>\n\t\t\t\t                                   <h3><a href=\"https:\/\/tamestate.com\/tr\/torun-center-istanbul-torun-center-istanbul-projesi\/\">Torun Center Istanbul | Torun Center \u0130stanbul projesi<\/a><\/h3>\n                                   <div class=\"mom-post-meta nb-item-meta\">\n                                    <span datetime=\"2023-09-03T15:21:39+03:00\" class=\"entry-date\">Eyl\u00fcl 03, 2023<\/span>\n\t\t\t\t\t                                   <\/div>\n\t\t\t\t\n\n                                <\/div> <!--sb item-->\n\t\t                                <div class=\"sb-item post-22026 post type-post status-publish format-standard has-post-thumbnail tag-lotus-nisantasi-project tag-nisantasi-lotus-projesi-lotus-nisantasi-project\">\n\t\t\t\t                                   <div class=\"sb-item-img\">\n                                        <a href=\"https:\/\/tamestate.com\/tr\/lotus-nisantasi-project\/\"><img loading=\"lazy\" decoding=\"async\" src=\"https:\/\/tamestate.com\/wp-content\/uploads\/2022\/12\/lotus-nisantasi-5-Tamturkey-realestate-610x380.png\" data-hidpi=\"https:\/\/tamestate.com\/wp-content\/uploads\/2022\/12\/lotus-nisantasi-5-Tamturkey-realestate-610x380.png\" alt=\"Ni\u015fanta\u015f\u0131 Lotus Projesi | Lotus Ni\u015fanta\u015f\u0131 project\" width=\"610\" height=\"380\"><\/a><span class=\"post-format-icon\"><\/span>\n                                   <\/div>\n\t\t\t\t                                   <h3><a href=\"https:\/\/tamestate.com\/tr\/lotus-nisantasi-project\/\">Ni\u015fanta\u015f\u0131 Lotus Projesi | Lotus Ni\u015fanta\u015f\u0131 project<\/a><\/h3>\n                                   <div class=\"mom-post-meta nb-item-meta\">\n                                    <span datetime=\"2023-09-03T15:05:17+03:00\" class=\"entry-date\">Eyl\u00fcl 03, 2023<\/span>\n\t\t\t\t\t                                   <\/div>\n\t\t\t\t\n\n                                <\/div> <!--sb item-->\n\t\t                                <div class=\"sb-item post-23657 post type-post status-publish format-standard has-post-thumbnail tag-camlivadi-istanbul-projesi tag-camlivadi-istanbul-projesi-camlivadi-projesi-istanbul tag-camlivadi-projesi-istanbul\">\n\t\t\t\t                                   <div class=\"sb-item-img\">\n                                        <a href=\"https:\/\/tamestate.com\/tr\/camlivadi-projects-istanbul\/\"><img loading=\"lazy\" decoding=\"async\" src=\"https:\/\/tamestate.com\/wp-content\/uploads\/2023\/03\/Avrupa-Konutlari-Camlivadi-Project-tamturkey-610x380.jpg\" data-hidpi=\"https:\/\/tamestate.com\/wp-content\/uploads\/2023\/03\/Avrupa-Konutlari-Camlivadi-Project-tamturkey-610x380.jpg\" alt=\"\u00c7aml\u0131vadi \u0130stanbul projesi | \u00c7aml\u0131vadi projesi \u0130stanbul\" width=\"610\" height=\"380\"><\/a><span class=\"post-format-icon\"><\/span>\n                                   <\/div>\n\t\t\t\t                                   <h3><a href=\"https:\/\/tamestate.com\/tr\/camlivadi-projects-istanbul\/\">\u00c7aml\u0131vadi \u0130stanbul projesi | \u00c7aml\u0131vadi projesi \u0130stanbul<\/a><\/h3>\n                                   <div class=\"mom-post-meta nb-item-meta\">\n                                    <span datetime=\"2023-09-02T17:35:32+03:00\" class=\"entry-date\">Eyl\u00fcl 02, 2023<\/span>\n\t\t\t\t\t                                   <\/div>\n\t\t\t\t\n\n                                <\/div> <!--sb item-->\n\t\t                                <div class=\"sb-item post-19571 post type-post status-publish format-standard has-post-thumbnail tag-istanbul-mesa-cadde-projesi tag-mesa-cadde-istanbul-proje-tesisleri\">\n\t\t\t\t                                   <div class=\"sb-item-img\">\n                                        <a href=\"https:\/\/tamestate.com\/tr\/istanbul-mesa-cadde-projesi\/\"><img loading=\"lazy\" decoding=\"async\" src=\"https:\/\/tamestate.com\/wp-content\/uploads\/2021\/11\/outside-view-of-mesa-cadde-istanbul-1-610x380.jpg\" data-hidpi=\"https:\/\/tamestate.com\/wp-content\/uploads\/2021\/11\/outside-view-of-mesa-cadde-istanbul-1-610x380.jpg\" alt=\"\u0130stanbul Mesa Cadde Projesi\" width=\"610\" height=\"380\"><\/a><span class=\"post-format-icon\"><\/span>\n                                   <\/div>\n\t\t\t\t                                   <h3><a href=\"https:\/\/tamestate.com\/tr\/istanbul-mesa-cadde-projesi\/\">\u0130stanbul Mesa Cadde Projesi<\/a><\/h3>\n                                   <div class=\"mom-post-meta nb-item-meta\">\n                                    <span datetime=\"2022-10-17T10:57:34+03:00\" class=\"entry-date\">Ekim 17, 2022<\/span>\n\t\t\t\t\t                                   <\/div>\n\t\t\t\t\n\n                                <\/div> <!--sb item-->\n\t\t                                <div class=\"sb-item post-19001 post type-post status-publish format-standard has-post-thumbnail category-turkiye-gayrimenkul tag-5-levent-istanbul tag-5-levent-istanbul-istanbulda-5-levent-projesi tag-5levent-istanbul tag-istanbulda-5-levent-projesi\">\n\t\t\t\t                                   <div class=\"sb-item-img\">\n                                        <a href=\"https:\/\/tamestate.com\/tr\/5levent-istanbul-istanbulda-5-levent-projesi\/\"><img loading=\"lazy\" decoding=\"async\" src=\"https:\/\/tamestate.com\/wp-content\/uploads\/2020\/08\/5-levent-projects-3-8001-610x380.jpg\" data-hidpi=\"https:\/\/tamestate.com\/wp-content\/uploads\/2020\/08\/5-levent-projects-3-8001-610x380.jpg\" alt=\"5levent istanbul | \u0130stanbul\u2019da 5 levent projesi\" width=\"610\" height=\"380\"><\/a><span class=\"post-format-icon\"><\/span>\n                                   <\/div>\n\t\t\t\t                                   <h3><a href=\"https:\/\/tamestate.com\/tr\/5levent-istanbul-istanbulda-5-levent-projesi\/\">5levent istanbul | \u0130stanbul\u2019da 5 levent projesi<\/a><\/h3>\n                                   <div class=\"mom-post-meta nb-item-meta\">\n                                    <span datetime=\"2022-08-11T23:26:01+03:00\" class=\"entry-date\">A\u011fustos 11, 2022<\/span>\n\t\t\t\t\t                                   <\/div>\n\t\t\t\t\n\n                                <\/div> <!--sb item-->\n\t\t                                <div class=\"sb-item post-19341 post type-post status-publish format-standard has-post-thumbnail tag-otto-kagithane-istanbul tag-otto-kagithane-istanbul-projesi\">\n\t\t\t\t                                   <div class=\"sb-item-img\">\n                                        <a href=\"https:\/\/tamestate.com\/tr\/otto-kagithane-istanbul-projesi\/\"><img loading=\"lazy\" decoding=\"async\" src=\"https:\/\/tamestate.com\/wp-content\/uploads\/2021\/11\/tam_turkey_Otto_Kagithane_Istanbul-610x380.jpg\" data-hidpi=\"https:\/\/tamestate.com\/wp-content\/uploads\/2021\/11\/tam_turkey_Otto_Kagithane_Istanbul-610x380.jpg\" alt=\"Otto Ka\u011f\u0131thane \u0130stanbul projesi\" width=\"610\" height=\"380\"><\/a><span class=\"post-format-icon\"><\/span>\n                                   <\/div>\n\t\t\t\t                                   <h3><a href=\"https:\/\/tamestate.com\/tr\/otto-kagithane-istanbul-projesi\/\">Otto Ka\u011f\u0131thane \u0130stanbul projesi<\/a><\/h3>\n                                   <div class=\"mom-post-meta nb-item-meta\">\n                                    <span datetime=\"2022-07-14T09:17:32+03:00\" class=\"entry-date\">Temmuz 14, 2022<\/span>\n\t\t\t\t\t                                   <\/div>\n\t\t\t\t\n\n                                <\/div> <!--sb item-->\n\t\t                                <div class=\"sb-item post-13899 post type-post status-publish format-standard has-post-thumbnail category-istanbul-projeleri category-ozel-vatandaslik-mulklerinin-satin-alinmasi tag-istanbul tag-istanbulda-ev-alma tag-kisa-donem-ikamet-izni-alin tag-skyland-tr tag-skyland-istanbul-tr tag-skyland-konumu tag-skyland-konut-kompleksinin-tesisleri tag-skyland-konut-kulesi tag-skyland-projesi tag-skyland-projesi-resim-galerisi tag-skylandde-bir-ev-satin-alin tag-turk-vatandasligi\">\n\t\t\t\t                                   <div class=\"sb-item-img\">\n                                        <a href=\"https:\/\/tamestate.com\/tr\/skyland-konut-kulesi\/\"><img loading=\"lazy\" decoding=\"async\" src=\"https:\/\/tamestate.com\/wp-content\/uploads\/2020\/05\/skylands-istanbul-tamturkey-610x380.jpg\" data-hidpi=\"https:\/\/tamestate.com\/wp-content\/uploads\/2020\/05\/skylands-istanbul-tamturkey-610x380.jpg\" alt=\"Skyland Konut Kulesi\" width=\"610\" height=\"380\"><\/a><span class=\"post-format-icon\"><\/span>\n                                   <\/div>\n\t\t\t\t                                   <h3><a href=\"https:\/\/tamestate.com\/tr\/skyland-konut-kulesi\/\">Skyland Konut Kulesi<\/a><\/h3>\n                                   <div class=\"mom-post-meta nb-item-meta\">\n                                    <span datetime=\"2022-04-24T13:01:39+03:00\" class=\"entry-date\">Nisan 24, 2022<\/span>\n\t\t\t\t\t                                   <\/div>\n\t\t\t\t\n\n                                <\/div> <!--sb item-->\n\t\t                                <div class=\"sb-item post-19547 post type-post status-publish format-standard has-post-thumbnail tag-salaf-istanbul tag-salaf-istanbul-projesi\">\n\t\t\t\t                                   <div class=\"sb-item-img\">\n                                        <a href=\"https:\/\/tamestate.com\/tr\/self-istanbul-projesi\/\"><img loading=\"lazy\" decoding=\"async\" src=\"https:\/\/tamestate.com\/wp-content\/uploads\/2021\/11\/self-istanbul-610x380.jpg\" data-hidpi=\"https:\/\/tamestate.com\/wp-content\/uploads\/2021\/11\/self-istanbul-610x380.jpg\" alt=\"Self \u0130stanbul projesi\" width=\"610\" height=\"380\"><\/a><span class=\"post-format-icon\"><\/span>\n                                   <\/div>\n\t\t\t\t                                   <h3><a href=\"https:\/\/tamestate.com\/tr\/self-istanbul-projesi\/\">Self \u0130stanbul projesi<\/a><\/h3>\n                                   <div class=\"mom-post-meta nb-item-meta\">\n                                    <span datetime=\"2021-11-22T09:11:25+03:00\" class=\"entry-date\">Kas\u0131m 22, 2021<\/span>\n\t\t\t\t\t                                   <\/div>\n\t\t\t\t\n\n                                <\/div> <!--sb item-->\n\t\t\t\t                            <\/div> <!--sb-content-->\n                        <\/div> <!--scrolling box-->\n                    <\/div>\n                    <footer class=\"nb-footer\">\n\n                    <\/footer>\n                <\/div> <!--news box-->\n[\/vc_column][\/vc_row][vc_row][vc_column][vc_column_text]<\/p>\n<p dir=\"ltr\" style=\"text-align: center;\">\u0130stanbul&#8217;da daire sat\u0131n almak veya daire kiralamak istiyorsan\u0131z, TAMTURKEY REALESTATE web sitesini ziyaret edebilir, \u0130stanbul&#8217;da daire sat\u0131n almak veya \u0130stanbul&#8217;da daire kiralamak i\u00e7in g\u00fcncel ilanlar\u0131n listesini g\u00f6rebilir ve ilgili uzmanla ileti\u015fime ge\u00e7ebilirsiniz.<\/p>\n<p dir=\"ltr\" style=\"text-align: center;\">Daha fazla bilgi i\u00e7in a\u015fa\u011f\u0131daki ba\u011flant\u0131dan uzmanlar\u0131m\u0131zla ileti\u015fime ge\u00e7in<\/p>\n<p dir=\"ltr\" style=\"text-align: center;\"><a href=\"https:\/\/tamestate.com\/tr\/buying-property-in-turkey\/\">\u0130stanbul&#8217;da m\u00fclk sat\u0131n alma konusunda tavsiye talebi<\/a><\/p>\n<p>[\/vc_column_text][\/vc_column][\/vc_row]<\/p>\n","protected":false},"excerpt":{"rendered":"<p>Avrupa Konutlar\u0131 \u00c7aml\u0131vadi 19 blokta 919 konut ile yepyeni bir ya\u015fam sunuyor. Bu proje KA\u011eITHANE fabrika alan\u0131 i\u00e7erisinde yer almaktad\u0131r. 19 blok ile toplam alan\u0131 119.000 metrekaredir. Avrupa Konutlar\u0131 \u00c7aml\u0131vadi Projesi Avrupa Konutlar\u0131 \u00c7aml\u0131vadi \u0130stanbul \u0130stanbul, a\u015fa\u011f\u0131daki b\u00fcy\u00fckl\u00fcklerde in\u015fa edilmi\u015f 919 konuttan olu\u015fmaktad\u0131r.<\/p>\n","protected":false},"author":2,"featured_media":23454,"comment_status":"open","ping_status":"open","sticky":false,"template":"","format":"standard","meta":{"_bbp_topic_count":0,"_bbp_reply_count":0,"_bbp_total_topic_count":0,"_bbp_total_reply_count":0,"_bbp_voice_count":0,"_bbp_anonymous_reply_count":0,"_bbp_topic_count_hidden":0,"_bbp_reply_count_hidden":0,"_bbp_forum_subforum_count":0,"_joinchat":[],"footnotes":""},"categories":[],"tags":[6090,6091,6092],"class_list":{"0":"post-23657","1":"post","2":"type-post","3":"status-publish","4":"format-standard","5":"has-post-thumbnail","7":"tag-camlivadi-istanbul-projesi","8":"tag-camlivadi-istanbul-projesi-camlivadi-projesi-istanbul","9":"tag-camlivadi-projesi-istanbul"},"yoast_head":"<!-- This site is optimized with the Yoast SEO Premium plugin v19.2.1 (Yoast SEO v27.1.1) - https:\/\/yoast.com\/product\/yoast-seo-premium-wordpress\/ -->\n<title>\u00c7aml\u0131vadi \u0130stanbul projesi | \u00c7aml\u0131vadi projesi \u0130stanbul<\/title>\n<meta name=\"description\" content=\"\u00c7aml\u0131vadi \u0130stanbul projesi | \u00c7aml\u0131vadi projesi \u0130stanbul | G\u00fczel do\u011fas\u0131yla farkl\u0131 ve harika bir ya\u015fam ve \u0130stanbul&#039;un merkezinde bir ev sahibi olmak.\" \/>\n<meta name=\"robots\" content=\"index, follow, max-snippet:-1, max-image-preview:large, max-video-preview:-1\" \/>\n<link rel=\"canonical\" href=\"https:\/\/tamestate.com\/tr\/camlivadi-projects-istanbul\/\" \/>\n<meta name=\"twitter:card\" content=\"summary_large_image\" \/>\n<meta name=\"twitter:title\" content=\"\u00c7aml\u0131vadi \u0130stanbul projesi | \u00c7aml\u0131vadi projesi \u0130stanbul\" \/>\n<meta name=\"twitter:description\" content=\"\u00c7aml\u0131vadi \u0130stanbul projesi | \u00c7aml\u0131vadi projesi \u0130stanbul | G\u00fczel do\u011fas\u0131yla farkl\u0131 ve harika bir ya\u015fam ve \u0130stanbul&#039;un merkezinde bir ev sahibi olmak.\" \/>\n<meta name=\"twitter:image\" content=\"https:\/\/tamestate.com\/wp-content\/uploads\/2023\/03\/Avrupa-Konutlari-Camlivadi-Project-tamturkey.jpg\" \/>\n<script type=\"application\/ld+json\" class=\"yoast-schema-graph\">{\"@context\":\"https:\/\/schema.org\",\"@graph\":[{\"@type\":\"Article\",\"@id\":\"https:\/\/tamestate.com\/tr\/camlivadi-projects-istanbul\/#article\",\"isPartOf\":{\"@id\":\"https:\/\/tamestate.com\/tr\/camlivadi-projects-istanbul\/\"},\"author\":{\"name\":\"fw2021adfmnews\",\"@id\":\"https:\/\/tamestate.com\/#\/schema\/person\/a924563504bb20539630288fdd8f6650\"},\"headline\":\"\u00c7aml\u0131vadi \u0130stanbul projesi | \u00c7aml\u0131vadi projesi \u0130stanbul\",\"datePublished\":\"2023-09-02T14:35:32+00:00\",\"dateModified\":\"2023-09-05T18:39:06+00:00\",\"mainEntityOfPage\":{\"@id\":\"https:\/\/tamestate.com\/tr\/camlivadi-projects-istanbul\/\"},\"wordCount\":1571,\"commentCount\":0,\"publisher\":{\"@id\":\"https:\/\/tamestate.com\/#organization\"},\"image\":{\"@id\":\"https:\/\/tamestate.com\/tr\/camlivadi-projects-istanbul\/#primaryimage\"},\"thumbnailUrl\":\"https:\/\/tamestate.com\/wp-content\/uploads\/2023\/03\/Avrupa-Konutlari-Camlivadi-Project-tamturkey.jpg\",\"keywords\":[\"\u00c7aml\u0131vadi \u0130stanbul projesi\",\"\u00c7aml\u0131vadi \u0130stanbul projesi | \u00c7aml\u0131vadi projesi \u0130stanbul\",\"\u00c7aml\u0131vadi projesi \u0130stanbul\"],\"inLanguage\":\"tr\",\"potentialAction\":[{\"@type\":\"CommentAction\",\"name\":\"Comment\",\"target\":[\"https:\/\/tamestate.com\/tr\/camlivadi-projects-istanbul\/#respond\"]}],\"copyrightYear\":\"2021\",\"copyrightHolder\":{\"@id\":\"https:\/\/tamestate.com\/#organization\"}},{\"@type\":\"WebPage\",\"@id\":\"https:\/\/tamestate.com\/tr\/camlivadi-projects-istanbul\/\",\"url\":\"https:\/\/tamestate.com\/tr\/camlivadi-projects-istanbul\/\",\"name\":\"\u00c7aml\u0131vadi \u0130stanbul projesi | \u00c7aml\u0131vadi projesi \u0130stanbul\",\"isPartOf\":{\"@id\":\"https:\/\/tamestate.com\/#website\"},\"primaryImageOfPage\":{\"@id\":\"https:\/\/tamestate.com\/tr\/camlivadi-projects-istanbul\/#primaryimage\"},\"image\":{\"@id\":\"https:\/\/tamestate.com\/tr\/camlivadi-projects-istanbul\/#primaryimage\"},\"thumbnailUrl\":\"https:\/\/tamestate.com\/wp-content\/uploads\/2023\/03\/Avrupa-Konutlari-Camlivadi-Project-tamturkey.jpg\",\"datePublished\":\"2023-09-02T14:35:32+00:00\",\"dateModified\":\"2023-09-05T18:39:06+00:00\",\"description\":\"\u00c7aml\u0131vadi \u0130stanbul projesi | \u00c7aml\u0131vadi projesi \u0130stanbul | G\u00fczel do\u011fas\u0131yla farkl\u0131 ve harika bir ya\u015fam ve \u0130stanbul'un merkezinde bir ev sahibi olmak.\",\"breadcrumb\":{\"@id\":\"https:\/\/tamestate.com\/tr\/camlivadi-projects-istanbul\/#breadcrumb\"},\"inLanguage\":\"tr\",\"potentialAction\":[{\"@type\":\"ReadAction\",\"target\":[\"https:\/\/tamestate.com\/tr\/camlivadi-projects-istanbul\/\"]}]},{\"@type\":\"ImageObject\",\"inLanguage\":\"tr\",\"@id\":\"https:\/\/tamestate.com\/tr\/camlivadi-projects-istanbul\/#primaryimage\",\"url\":\"https:\/\/tamestate.com\/wp-content\/uploads\/2023\/03\/Avrupa-Konutlari-Camlivadi-Project-tamturkey.jpg\",\"contentUrl\":\"https:\/\/tamestate.com\/wp-content\/uploads\/2023\/03\/Avrupa-Konutlari-Camlivadi-Project-tamturkey.jpg\",\"width\":739,\"height\":415,\"caption\":\"Avrupa Konutlar\u0131 \u00c7aml\u0131vadi Project\"},{\"@type\":\"BreadcrumbList\",\"@id\":\"https:\/\/tamestate.com\/tr\/camlivadi-projects-istanbul\/#breadcrumb\",\"itemListElement\":[{\"@type\":\"ListItem\",\"position\":1,\"name\":\"\u062e\u0627\u0646\u0647\",\"item\":\"https:\/\/tamestate.com\/tr\/\"},{\"@type\":\"ListItem\",\"position\":2,\"name\":\"\u00c7aml\u0131vadi \u0130stanbul projesi | \u00c7aml\u0131vadi projesi \u0130stanbul\"}]},{\"@type\":\"WebSite\",\"@id\":\"https:\/\/tamestate.com\/#website\",\"url\":\"https:\/\/tamestate.com\/\",\"name\":\"Tamturkey\",\"description\":\"\u062a\u0627\u0645 \u062a\u0631\u06a9\u06cc | \u062e\u0631\u06cc\u062f \u062e\u0627\u0646\u0647 \u062f\u0631 \u062a\u0631\u06a9\u06cc\u0647 | \u0627\u062e\u0630 \u0634\u0647\u0631\u0648\u0646\u062f\u06cc \u062a\u0631\u06a9\u06cc\u0647 | \u062e\u0631\u06cc\u062f \u062e\u0627\u0646\u0647 \u062f\u0631 \u0627\u0633\u062a\u0627\u0646\u0628\u0648\u0644 | \u0627\u0642\u0627\u0645\u062a \u062a\u0631\u06a9\u06cc\u0647\",\"publisher\":{\"@id\":\"https:\/\/tamestate.com\/#organization\"},\"potentialAction\":[{\"@type\":\"SearchAction\",\"target\":{\"@type\":\"EntryPoint\",\"urlTemplate\":\"https:\/\/tamestate.com\/?s={search_term_string}\"},\"query-input\":{\"@type\":\"PropertyValueSpecification\",\"valueRequired\":true,\"valueName\":\"search_term_string\"}}],\"inLanguage\":\"tr\"},{\"@type\":[\"Organization\",\"Place\",\"RealEstateAgent\"],\"@id\":\"https:\/\/tamestate.com\/#organization\",\"name\":\"\u0645\u0631\u062c\u0639 \u0627\u0637\u0644\u0627\u0639\u0627\u062a \u062a\u062e\u0635\u0635\u06cc \u0648 \u0627\u062e\u0628\u0627\u0631 \u0631\u0648\u0632 \u062a\u0631\u06a9\u06cc\u0647\",\"url\":\"https:\/\/tamestate.com\/\",\"logo\":{\"@id\":\"https:\/\/tamestate.com\/tr\/camlivadi-projects-istanbul\/#local-main-organization-logo\"},\"image\":{\"@id\":\"https:\/\/tamestate.com\/tr\/camlivadi-projects-istanbul\/#local-main-organization-logo\"},\"sameAs\":[\"https:\/\/www.instagram.com\/tamturkey\",\"https:\/\/www.youtube.com\/channel\/UC8nMeXuy4N3s75zGrIxPLBA\"],\"address\":{\"@id\":\"https:\/\/tamestate.com\/tr\/camlivadi-projects-istanbul\/#local-main-place-address\"},\"telephone\":[\"0552288939\"],\"openingHoursSpecification\":[{\"@type\":\"OpeningHoursSpecification\",\"dayOfWeek\":[\"Monday\",\"Tuesday\",\"Wednesday\",\"Thursday\",\"Friday\",\"Saturday\",\"Sunday\"],\"opens\":\"09:00\",\"closes\":\"17:00\"}]},{\"@type\":\"Person\",\"@id\":\"https:\/\/tamestate.com\/#\/schema\/person\/a924563504bb20539630288fdd8f6650\",\"name\":\"fw2021adfmnews\",\"image\":{\"@type\":\"ImageObject\",\"inLanguage\":\"tr\",\"@id\":\"https:\/\/tamestate.com\/#\/schema\/person\/image\/\",\"url\":\"https:\/\/secure.gravatar.com\/avatar\/1f1d13a7596876466fd9d7179cbd3980038ac2a59b1164b78f03975c3147cbb9?s=96&d=mm&r=g\",\"contentUrl\":\"https:\/\/secure.gravatar.com\/avatar\/1f1d13a7596876466fd9d7179cbd3980038ac2a59b1164b78f03975c3147cbb9?s=96&d=mm&r=g\",\"caption\":\"fw2021adfmnews\"}},{\"@type\":\"PostalAddress\",\"@id\":\"https:\/\/tamestate.com\/tr\/camlivadi-projects-istanbul\/#local-main-place-address\",\"streetAddress\":\"\u0645\u062c\u062a\u0645\u0639 \u0627\u0639\u0645\u0627\u0631 \u0627\u0633\u062a\u0627\u0646\u0628\u0648\u0644 EMAAR SQUARE ISTANBUL\",\"addressLocality\":\"ISTANBUL\",\"postalCode\":\"34005\",\"addressCountry\":\"TR\"},{\"@type\":\"ImageObject\",\"inLanguage\":\"tr\",\"@id\":\"https:\/\/tamestate.com\/tr\/camlivadi-projects-istanbul\/#local-main-organization-logo\",\"url\":\"https:\/\/tamestate.com\/wp-content\/uploads\/2020\/01\/turkey-country-tamturkey-300.png\",\"contentUrl\":\"https:\/\/tamestate.com\/wp-content\/uploads\/2020\/01\/turkey-country-tamturkey-300.png\",\"width\":300,\"height\":83,\"caption\":\"\u0645\u0631\u062c\u0639 \u0627\u0637\u0644\u0627\u0639\u0627\u062a \u062a\u062e\u0635\u0635\u06cc \u0648 \u0627\u062e\u0628\u0627\u0631 \u0631\u0648\u0632 \u062a\u0631\u06a9\u06cc\u0647\"}]}<\/script>\n<meta name=\"geo.placename\" content=\"ISTANBUL\" \/>\n<meta name=\"geo.region\" content=\"Turkey\" \/>\n<!-- \/ Yoast SEO Premium plugin. -->","yoast_head_json":{"title":"\u00c7aml\u0131vadi \u0130stanbul projesi | \u00c7aml\u0131vadi projesi \u0130stanbul","description":"\u00c7aml\u0131vadi \u0130stanbul projesi | \u00c7aml\u0131vadi projesi \u0130stanbul | G\u00fczel do\u011fas\u0131yla farkl\u0131 ve harika bir ya\u015fam ve \u0130stanbul'un merkezinde bir ev sahibi olmak.","robots":{"index":"index","follow":"follow","max-snippet":"max-snippet:-1","max-image-preview":"max-image-preview:large","max-video-preview":"max-video-preview:-1"},"canonical":"https:\/\/tamestate.com\/tr\/camlivadi-projects-istanbul\/","twitter_card":"summary_large_image","twitter_title":"\u00c7aml\u0131vadi \u0130stanbul projesi | \u00c7aml\u0131vadi projesi \u0130stanbul","twitter_description":"\u00c7aml\u0131vadi \u0130stanbul projesi | \u00c7aml\u0131vadi projesi \u0130stanbul | G\u00fczel do\u011fas\u0131yla farkl\u0131 ve harika bir ya\u015fam ve \u0130stanbul'un merkezinde bir ev sahibi olmak.","twitter_image":"https:\/\/tamestate.com\/wp-content\/uploads\/2023\/03\/Avrupa-Konutlari-Camlivadi-Project-tamturkey.jpg","schema":{"@context":"https:\/\/schema.org","@graph":[{"@type":"Article","@id":"https:\/\/tamestate.com\/tr\/camlivadi-projects-istanbul\/#article","isPartOf":{"@id":"https:\/\/tamestate.com\/tr\/camlivadi-projects-istanbul\/"},"author":{"name":"fw2021adfmnews","@id":"https:\/\/tamestate.com\/#\/schema\/person\/a924563504bb20539630288fdd8f6650"},"headline":"\u00c7aml\u0131vadi \u0130stanbul projesi | \u00c7aml\u0131vadi projesi \u0130stanbul","datePublished":"2023-09-02T14:35:32+00:00","dateModified":"2023-09-05T18:39:06+00:00","mainEntityOfPage":{"@id":"https:\/\/tamestate.com\/tr\/camlivadi-projects-istanbul\/"},"wordCount":1571,"commentCount":0,"publisher":{"@id":"https:\/\/tamestate.com\/#organization"},"image":{"@id":"https:\/\/tamestate.com\/tr\/camlivadi-projects-istanbul\/#primaryimage"},"thumbnailUrl":"https:\/\/tamestate.com\/wp-content\/uploads\/2023\/03\/Avrupa-Konutlari-Camlivadi-Project-tamturkey.jpg","keywords":["\u00c7aml\u0131vadi \u0130stanbul projesi","\u00c7aml\u0131vadi \u0130stanbul projesi | \u00c7aml\u0131vadi projesi \u0130stanbul","\u00c7aml\u0131vadi projesi \u0130stanbul"],"inLanguage":"tr","potentialAction":[{"@type":"CommentAction","name":"Comment","target":["https:\/\/tamestate.com\/tr\/camlivadi-projects-istanbul\/#respond"]}],"copyrightYear":"2021","copyrightHolder":{"@id":"https:\/\/tamestate.com\/#organization"}},{"@type":"WebPage","@id":"https:\/\/tamestate.com\/tr\/camlivadi-projects-istanbul\/","url":"https:\/\/tamestate.com\/tr\/camlivadi-projects-istanbul\/","name":"\u00c7aml\u0131vadi \u0130stanbul projesi | \u00c7aml\u0131vadi projesi \u0130stanbul","isPartOf":{"@id":"https:\/\/tamestate.com\/#website"},"primaryImageOfPage":{"@id":"https:\/\/tamestate.com\/tr\/camlivadi-projects-istanbul\/#primaryimage"},"image":{"@id":"https:\/\/tamestate.com\/tr\/camlivadi-projects-istanbul\/#primaryimage"},"thumbnailUrl":"https:\/\/tamestate.com\/wp-content\/uploads\/2023\/03\/Avrupa-Konutlari-Camlivadi-Project-tamturkey.jpg","datePublished":"2023-09-02T14:35:32+00:00","dateModified":"2023-09-05T18:39:06+00:00","description":"\u00c7aml\u0131vadi \u0130stanbul projesi | \u00c7aml\u0131vadi projesi \u0130stanbul | G\u00fczel do\u011fas\u0131yla farkl\u0131 ve harika bir ya\u015fam ve \u0130stanbul'un merkezinde bir ev sahibi olmak.","breadcrumb":{"@id":"https:\/\/tamestate.com\/tr\/camlivadi-projects-istanbul\/#breadcrumb"},"inLanguage":"tr","potentialAction":[{"@type":"ReadAction","target":["https:\/\/tamestate.com\/tr\/camlivadi-projects-istanbul\/"]}]},{"@type":"ImageObject","inLanguage":"tr","@id":"https:\/\/tamestate.com\/tr\/camlivadi-projects-istanbul\/#primaryimage","url":"https:\/\/tamestate.com\/wp-content\/uploads\/2023\/03\/Avrupa-Konutlari-Camlivadi-Project-tamturkey.jpg","contentUrl":"https:\/\/tamestate.com\/wp-content\/uploads\/2023\/03\/Avrupa-Konutlari-Camlivadi-Project-tamturkey.jpg","width":739,"height":415,"caption":"Avrupa Konutlar\u0131 \u00c7aml\u0131vadi Project"},{"@type":"BreadcrumbList","@id":"https:\/\/tamestate.com\/tr\/camlivadi-projects-istanbul\/#breadcrumb","itemListElement":[{"@type":"ListItem","position":1,"name":"\u062e\u0627\u0646\u0647","item":"https:\/\/tamestate.com\/tr\/"},{"@type":"ListItem","position":2,"name":"\u00c7aml\u0131vadi \u0130stanbul projesi | \u00c7aml\u0131vadi projesi \u0130stanbul"}]},{"@type":"WebSite","@id":"https:\/\/tamestate.com\/#website","url":"https:\/\/tamestate.com\/","name":"Tamturkey","description":"\u062a\u0627\u0645 \u062a\u0631\u06a9\u06cc | \u062e\u0631\u06cc\u062f \u062e\u0627\u0646\u0647 \u062f\u0631 \u062a\u0631\u06a9\u06cc\u0647 | \u0627\u062e\u0630 \u0634\u0647\u0631\u0648\u0646\u062f\u06cc \u062a\u0631\u06a9\u06cc\u0647 | \u062e\u0631\u06cc\u062f \u062e\u0627\u0646\u0647 \u062f\u0631 \u0627\u0633\u062a\u0627\u0646\u0628\u0648\u0644 | \u0627\u0642\u0627\u0645\u062a \u062a\u0631\u06a9\u06cc\u0647","publisher":{"@id":"https:\/\/tamestate.com\/#organization"},"potentialAction":[{"@type":"SearchAction","target":{"@type":"EntryPoint","urlTemplate":"https:\/\/tamestate.com\/?s={search_term_string}"},"query-input":{"@type":"PropertyValueSpecification","valueRequired":true,"valueName":"search_term_string"}}],"inLanguage":"tr"},{"@type":["Organization","Place","RealEstateAgent"],"@id":"https:\/\/tamestate.com\/#organization","name":"\u0645\u0631\u062c\u0639 \u0627\u0637\u0644\u0627\u0639\u0627\u062a \u062a\u062e\u0635\u0635\u06cc \u0648 \u0627\u062e\u0628\u0627\u0631 \u0631\u0648\u0632 \u062a\u0631\u06a9\u06cc\u0647","url":"https:\/\/tamestate.com\/","logo":{"@id":"https:\/\/tamestate.com\/tr\/camlivadi-projects-istanbul\/#local-main-organization-logo"},"image":{"@id":"https:\/\/tamestate.com\/tr\/camlivadi-projects-istanbul\/#local-main-organization-logo"},"sameAs":["https:\/\/www.instagram.com\/tamturkey","https:\/\/www.youtube.com\/channel\/UC8nMeXuy4N3s75zGrIxPLBA"],"address":{"@id":"https:\/\/tamestate.com\/tr\/camlivadi-projects-istanbul\/#local-main-place-address"},"telephone":["0552288939","0552288939"],"openingHoursSpecification":[{"@type":"OpeningHoursSpecification","dayOfWeek":["Monday","Tuesday","Wednesday","Thursday","Friday","Saturday","Sunday"],"opens":"09:00","closes":"17:00"}]},{"@type":"Person","@id":"https:\/\/tamestate.com\/#\/schema\/person\/a924563504bb20539630288fdd8f6650","name":"fw2021adfmnews","image":{"@type":"ImageObject","inLanguage":"tr","@id":"https:\/\/tamestate.com\/#\/schema\/person\/image\/","url":"https:\/\/secure.gravatar.com\/avatar\/1f1d13a7596876466fd9d7179cbd3980038ac2a59b1164b78f03975c3147cbb9?s=96&d=mm&r=g","contentUrl":"https:\/\/secure.gravatar.com\/avatar\/1f1d13a7596876466fd9d7179cbd3980038ac2a59b1164b78f03975c3147cbb9?s=96&d=mm&r=g","caption":"fw2021adfmnews"}},{"@type":"PostalAddress","@id":"https:\/\/tamestate.com\/tr\/camlivadi-projects-istanbul\/#local-main-place-address","streetAddress":"\u0645\u062c\u062a\u0645\u0639 \u0627\u0639\u0645\u0627\u0631 \u0627\u0633\u062a\u0627\u0646\u0628\u0648\u0644 EMAAR SQUARE ISTANBUL","addressLocality":"ISTANBUL","postalCode":"34005","addressCountry":"TR"},{"@type":"ImageObject","inLanguage":"tr","@id":"https:\/\/tamestate.com\/tr\/camlivadi-projects-istanbul\/#local-main-organization-logo","url":"https:\/\/tamestate.com\/wp-content\/uploads\/2020\/01\/turkey-country-tamturkey-300.png","contentUrl":"https:\/\/tamestate.com\/wp-content\/uploads\/2020\/01\/turkey-country-tamturkey-300.png","width":300,"height":83,"caption":"\u0645\u0631\u062c\u0639 \u0627\u0637\u0644\u0627\u0639\u0627\u062a \u062a\u062e\u0635\u0635\u06cc \u0648 \u0627\u062e\u0628\u0627\u0631 \u0631\u0648\u0632 \u062a\u0631\u06a9\u06cc\u0647"}]},"geo.placename":"ISTANBUL","geo.region":"Turkey"},"_links":{"self":[{"href":"https:\/\/tamestate.com\/tr\/wp-json\/wp\/v2\/posts\/23657","targetHints":{"allow":["GET"]}}],"collection":[{"href":"https:\/\/tamestate.com\/tr\/wp-json\/wp\/v2\/posts"}],"about":[{"href":"https:\/\/tamestate.com\/tr\/wp-json\/wp\/v2\/types\/post"}],"author":[{"embeddable":true,"href":"https:\/\/tamestate.com\/tr\/wp-json\/wp\/v2\/users\/2"}],"replies":[{"embeddable":true,"href":"https:\/\/tamestate.com\/tr\/wp-json\/wp\/v2\/comments?post=23657"}],"version-history":[{"count":6,"href":"https:\/\/tamestate.com\/tr\/wp-json\/wp\/v2\/posts\/23657\/revisions"}],"predecessor-version":[{"id":23686,"href":"https:\/\/tamestate.com\/tr\/wp-json\/wp\/v2\/posts\/23657\/revisions\/23686"}],"wp:featuredmedia":[{"embeddable":true,"href":"https:\/\/tamestate.com\/tr\/wp-json\/wp\/v2\/media\/23454"}],"wp:attachment":[{"href":"https:\/\/tamestate.com\/tr\/wp-json\/wp\/v2\/media?parent=23657"}],"wp:term":[{"taxonomy":"category","embeddable":true,"href":"https:\/\/tamestate.com\/tr\/wp-json\/wp\/v2\/categories?post=23657"},{"taxonomy":"post_tag","embeddable":true,"href":"https:\/\/tamestate.com\/tr\/wp-json\/wp\/v2\/tags?post=23657"}],"curies":[{"name":"wp","href":"https:\/\/api.w.org\/{rel}","templated":true}]}}